{"id":131672,"date":"2020-09-07T07:11:25","date_gmt":"2020-09-07T12:11:25","guid":{"rendered":"https:\/\/plazajuarez.mx\/?p=131672"},"modified":"2020-09-07T07:11:46","modified_gmt":"2020-09-07T12:11:46","slug":"alfil-negro-1912","status":"publish","type":"post","link":"https:\/\/plazajuarez.mx\/historico\/alfil-negro-1912\/","title":{"rendered":"ALFIL NEGRO"},"content":{"rendered":"\n<h2 class=\"wp-block-heading\"><strong>CAMPA\u00d1AS\u2026 AS\u00cd Y AS\u00cd<\/strong><\/h2>\n\n\n\n<!--more-->\n\n\n\n<p>Las campa\u00f1as, que ayer cumplieron dos d\u00edas, digamos que van as\u00ed y as\u00ed, que equivale a un&nbsp; &#8220;m\u00e1s o menos&#8221;, porque dependen en mucho de la experiencia que tengan los partidos, de los recursos con que cuenten y de lo creativos que sean, para hacer de las limitantes&nbsp; que impone la pandemia, una oportunidad para llegar hasta la gente y no un pretexto para no hacer nada.<\/p>\n\n\n\n<p>En mucho dependen en esta ocasi\u00f3n, de un adecuado manejo de la informaci\u00f3n, de &#8220;cacarear el huevo&#8221; como se dice, para hablar de una adecuada difusi\u00f3n de las campa\u00f1as.<\/p>\n\n\n\n<p>Con dos d\u00edas de jornadas, se puede decir que tienen muy buen arranque en este sentido de adecuada difusi\u00f3n, que consiste en avisos a tiempo a medios de comunicaci\u00f3n, entrega oportuna de boletines informativos y fotograf\u00edas con sentido y no al troche y moche.<\/p>\n\n\n\n<p>Tenemos por un lado al PRI, que en esto del manejo adecuado de la informaci\u00f3n sabe un rato; el PAN sobre todo en candidatos como el de Pachuca, seguramente con el asesoramiento del profe, que en esta materia le conoce, el PESH m\u00e1s o menos, el PRD que da una de cal y otra de arena; y con poca presencia informativa MC, Nueva Alianza, Podemos y M\u00e1s por Hidalgo.&nbsp;<\/p>\n\n\n\n<p>Extra\u00f1amente, sigue sin figurar Morena, que nom\u00e1s no se ve.<\/p>\n\n\n\n<p>Es cierto que es el principio, pero se supone que es cuando se muestra la fuerza y la capacidad, para un manejo adecuado y responsable de la informaci\u00f3n, y en el caso actual de las redes sociales.&nbsp;<\/p>\n\n\n\n<p>Parece que en las condiciones actuales, por las condiciones que impone la pandemia ,los partidos tienen la obligaci\u00f3n como compromiso ineludible, de privilegiar el uso de computadoras y sobre todo de&nbsp; celulares, para que el mensaje de sus candidatos lleguen de manera \u00e1gil y convincente.<\/p>\n\n\n\n<p>De los candidatos hasta este d\u00eda, es Israel F\u00e9lix el que tiene un mejor uso de las plataformas, con brevedad en sus mensajes y facilidades para acceder a ellas.<\/p>\n\n\n\n<p>Esto apenas comienza, pero as\u00ed se&nbsp; ve el panorama&nbsp; de la&nbsp; informaci\u00f3n de las campa\u00f1as.<\/p>\n\n\n\n<p>Otra cosa son las propuestas de los candidatos, que la verdad no se ven tan profundas, sobre todo, porque van a ser los alcaldes post pandemia, lo que exige propuestas desde esta perspectiva y no las cl\u00e1sicas promesas de vialidades, basura&nbsp; y servicios, que si bien&nbsp; son importantes, se suponen como obligaci\u00f3n m\u00ednima de un alcalde.<\/p>\n\n\n\n<p>Hasta ahora, ninguno ha planteado respuestas para el tiempo que viene que exigir\u00e1 algo m\u00e1s que lo de siempre.<\/p>\n\n\n\n<p>Ma\u00f1ana hablaremos de lo que proponen algunos aspirantes.<\/p>\n\n\n\n<p><strong>Ya se sabe que el que pega primero, pega dos veces.<\/strong><\/p>\n","protected":false},"excerpt":{"rendered":"<p>CAMPA\u00d1AS\u2026 AS\u00cd Y AS\u00cd<\/p>\n","protected":false},"author":83,"featured_media":0,"comment_status":"closed","ping_status":"open","sticky":false,"template":"","format":"standard","meta":{"footnotes":""},"categories":[48,42],"tags":[],"class_list":["post-131672","post","type-post","status-publish","format-standard","hentry","category-adalberto-peralta","category-nuestrapalabra"],"_links":{"self":[{"href":"https:\/\/plazajuarez.mx\/historico\/wp-json\/wp\/v2\/posts\/131672","targetHints":{"allow":["GET"]}}],"collection":[{"href":"https:\/\/plazajuarez.mx\/historico\/wp-json\/wp\/v2\/posts"}],"about":[{"href":"https:\/\/plazajuarez.mx\/historico\/wp-json\/wp\/v2\/types\/post"}],"author":[{"embeddable":true,"href":"https:\/\/plazajuarez.mx\/historico\/wp-json\/wp\/v2\/users\/83"}],"replies":[{"embeddable":true,"href":"https:\/\/plazajuarez.mx\/historico\/wp-json\/wp\/v2\/comments?post=131672"}],"version-history":[{"count":0,"href":"https:\/\/plazajuarez.mx\/historico\/wp-json\/wp\/v2\/posts\/131672\/revisions"}],"wp:attachment":[{"href":"https:\/\/plazajuarez.mx\/historico\/wp-json\/wp\/v2\/media?parent=131672"}],"wp:term":[{"taxonomy":"category","embeddable":true,"href":"https:\/\/plazajuarez.mx\/historico\/wp-json\/wp\/v2\/categories?post=131672"},{"taxonomy":"post_tag","embeddable":true,"href":"https:\/\/plazajuarez.mx\/historico\/wp-json\/wp\/v2\/tags?post=131672"}],"curies":[{"name":"wp","href":"https:\/\/api.w.org\/{rel}","templated":true}]}}