{"id":131670,"date":"2020-09-07T07:08:48","date_gmt":"2020-09-07T12:08:48","guid":{"rendered":"https:\/\/plazajuarez.mx\/?p=131670"},"modified":"2020-09-07T07:08:59","modified_gmt":"2020-09-07T12:08:59","slug":"retratos-hablados-989","status":"publish","type":"post","link":"https:\/\/plazajuarez.mx\/historico\/retratos-hablados-989\/","title":{"rendered":"RETRATOS HABLADOS"},"content":{"rendered":"\n<h2 class=\"wp-block-heading\"><strong>Recuperar la UAEH<\/strong><\/h2>\n\n\n\n<!--more-->\n\n\n\n<p>Todo sistema pol\u00edtico es responsable de dar vida a sus propios engendros, que igual al personaje de la novela de <strong>Mary W. Shelley,<\/strong> primero son recibidos con benepl\u00e1cito por ser la soluci\u00f3n a un conflicto coyuntural del que solo pueden salir con el uso de la mano que golpea la mesa, y conservar, en apariencia, su imagen de sistema conciliador y tolerante. Son inventados de la noche a la ma\u00f1ana, y con frecuencia desechados en ese mismo tenor.<\/p>\n\n\n\n<p>Sin embargo en no pocas ocasiones el ente cobra vida propia, camina a su antojo, crece ante el regocijo de sus creadores que lo presentan ante propios y extra\u00f1os como ejemplo de que lo plantado por <strong>Bernard Shaw<\/strong> en su obra de teatro \u201cPigmali\u00f3n\u201d es posible, totalmente posible.<\/p>\n\n\n\n<p>Pero llega el momento en que sucede lo que debe suceder cuando el creador de pronto descubre que su creaci\u00f3n no solo ya no le sirve para el objeto que fue inventado, sino que incluso se le rebela, lo reta, y por \u00faltimo lo maldice. El ente de pronto cree que la invenci\u00f3n no es \u00e9l sino el otro, y asume que luego entonces tiene todo el derecho de buscar la destrucci\u00f3n de una realidad plagada de mentiras y absurdos. Sabedor de que esa acci\u00f3n conlleva su propia destrucci\u00f3n ante el abandono de quien antes lo consent\u00eda y le procuraba, se muestra dispuesto a la propia desaparici\u00f3n siempre y cuando conduzca a la nada del todo.<\/p>\n\n\n\n<p>S\u00ed, parece una reflexi\u00f3n enredada y plagada de lugares comunes, pero por muchas razones el proceso judicial que ahora vive el l\u00edder absoluto del Grupo Universidad, por su siglas G.S.C., quien ya fue vinculado a proceso en el penal de alta seguridad de El Altiplano por operaciones con recursos de procedencia il\u00edcita, defraudaci\u00f3n fiscal y delincuencia organizada, mantiene una \u00edntima relaci\u00f3n con un sistema como el mexicano que se nutre de la creaci\u00f3n de sus propios engendros.<\/p>\n\n\n\n<p>Engendros que festejan en su nacimiento, para luego repudiar y pretender enterrarlos hasta el fondo de la tierra cuando ya no sirve a sus intereses, y porque adem\u00e1s no puede mostrarse sorprendido que su creaci\u00f3n haya tomado el camino digamos malo, si su raz\u00f3n de ser era representar la mano que pega en la mesa, la que golpea por la espalda, la que hace el trabajo sucio.<\/p>\n\n\n\n<p>Nadie escapa a su destino, menos los que siempre caminaron en medio de la delgada l\u00ednea que separa lo que es justo de lo injusto, lo legal de lo ilegal.<\/p>\n\n\n\n<p>Nadie imaginaba, mucho menos el directamente afectado, que de manera tan r\u00e1pida llegara a su fin una carrera pol\u00edtica que crey\u00f3 eterna, cimentada en estructuras tan fuertes que parec\u00eda imposible fuera derribada. Sus aspiraciones rebasaban para estos momentos el plano meramente pol\u00edtico, y empezaba a descubrir que resultaba viable construir un imperio econ\u00f3mico, muestra de lo cual eran sus inversiones en vi\u00f1edos localizados en Baja California, y seg\u00fan se afirma en otros pa\u00edses.<\/p>\n\n\n\n<p>Y no, de ninguna manera estamos ante un modelo de maldad o cosas por el estilo. Para los que hasta hace poco no pod\u00edan tocarlo ni con el p\u00e9talo de una cr\u00edtica, y de pronto ya son los m\u00e1s terribles inquisidores del que apenas unas horas antes, temblaban si escuchaban su voz, es deber se\u00f1alarles que estamos ante un hecho simple y sencillo de la propia condici\u00f3n humana.<\/p>\n\n\n\n<p>Pero m\u00e1s all\u00e1 de todo lo anotado, que finalmente nos hace ver los vaivenes de la vida en un grupo, una persona, lo importante y fundamental es que la Universidad Aut\u00f3noma del Estado de Hidalgo, sus alumnos, maestros, investigadores, trabajadores, recuperen la fe y confianza en la instituci\u00f3n educativa m\u00e1s importante de la entidad, y por eso la raz\u00f3n de llamarse nuestra M\u00e1xima Casa de Estudios.&nbsp;<\/p>\n\n\n\n<p>Es deber de toda la ciudadan\u00eda que la UAEH nunca m\u00e1s se vuelva a convertir en centro de operaciones de ning\u00fan grupo pol\u00edtico, de ning\u00fan partido, sea de izquierda, derecha o centro; de ning\u00fan grupo de supuestos \u201crevolucionarios\u201d trasnochados, de ninguna \u00e9lite\u2026 s\u00ed en cambio de la inteligencia, del conocimiento, de los que por esa raz\u00f3n nunca asumir\u00e1n poses de soberbia, porque esa solo puede estar ligada a la ignorancia.<\/p>\n\n\n\n<p>Que sea para bien de la educaci\u00f3n superior en nuestro Estado.<\/p>\n\n\n\n<p><strong>Mil gracias, hasta ma\u00f1ana.<\/strong><\/p>\n\n\n\n<p><a href=\"mailto:jeperalta@plazajuarez.mx\/historico\/historico\">jeperalta@plazajuarez.mx\/historico\/historico<\/a><\/p>\n\n\n\n<p>@JavierEPeralta<br><\/p>\n","protected":false},"excerpt":{"rendered":"<p>Recuperar la UAEH<\/p>\n","protected":false},"author":10,"featured_media":0,"comment_status":"closed","ping_status":"open","sticky":false,"template":"","format":"standard","meta":{"footnotes":""},"categories":[49,42],"tags":[],"class_list":["post-131670","post","type-post","status-publish","format-standard","hentry","category-javier-peralta","category-nuestrapalabra"],"_links":{"self":[{"href":"https:\/\/plazajuarez.mx\/historico\/wp-json\/wp\/v2\/posts\/131670","targetHints":{"allow":["GET"]}}],"collection":[{"href":"https:\/\/plazajuarez.mx\/historico\/wp-json\/wp\/v2\/posts"}],"about":[{"href":"https:\/\/plazajuarez.mx\/historico\/wp-json\/wp\/v2\/types\/post"}],"author":[{"embeddable":true,"href":"https:\/\/plazajuarez.mx\/historico\/wp-json\/wp\/v2\/users\/10"}],"replies":[{"embeddable":true,"href":"https:\/\/plazajuarez.mx\/historico\/wp-json\/wp\/v2\/comments?post=131670"}],"version-history":[{"count":0,"href":"https:\/\/plazajuarez.mx\/historico\/wp-json\/wp\/v2\/posts\/131670\/revisions"}],"wp:attachment":[{"href":"https:\/\/plazajuarez.mx\/historico\/wp-json\/wp\/v2\/media?parent=131670"}],"wp:term":[{"taxonomy":"category","embeddable":true,"href":"https:\/\/plazajuarez.mx\/historico\/wp-json\/wp\/v2\/categories?post=131670"},{"taxonomy":"post_tag","embeddable":true,"href":"https:\/\/plazajuarez.mx\/historico\/wp-json\/wp\/v2\/tags?post=131670"}],"curies":[{"name":"wp","href":"https:\/\/api.w.org\/{rel}","templated":true}]}}