{"id":131542,"date":"2020-09-05T12:26:59","date_gmt":"2020-09-05T17:26:59","guid":{"rendered":"https:\/\/plazajuarez.mx\/?p=131542"},"modified":"2020-09-05T12:33:37","modified_gmt":"2020-09-05T17:33:37","slug":"entrega-simon-vargas-el-cuarto-informe-de-gobierno-al-congreso-de-hidalgo","status":"publish","type":"post","link":"https:\/\/plazajuarez.mx\/historico\/entrega-simon-vargas-el-cuarto-informe-de-gobierno-al-congreso-de-hidalgo\/","title":{"rendered":"Entrega Sim\u00f3n Vargas el Cuarto Informe de Gobierno al Congreso de Hidalgo"},"content":{"rendered":"\n<p>Este s\u00e1bado, el secretario de Gobierno, Sim\u00f3n Vargas Aguilar, entreg\u00f3 el cuarto informe del gobernador, Omar Fayad Meneses, en el Congreso del estado de Hidalgo. <\/p>\n\n\n\n<p>El informe fue recibido por Jos\u00e9 Alberto S\u00e1nchez Casta\u00f1eda, secretario de Servicios Legislativos.<\/p>\n\n\n\n<figure class=\"wp-block-embed-facebook wp-block-embed is-type-video is-provider-facebook\"><div class=\"wp-block-embed__wrapper\">\nhttps:\/\/www.facebook.com\/diarioplazajuarez\/videos\/346933946458383\n<\/div><\/figure>\n\n\n\n<p>A lo largo de esta semana, el mandatario estatal ha dado a conocer a trav\u00e9s de las redes sociales, los resultados de este a\u00f1o de administraci\u00f3n. <\/p>\n\n\n\n<figure class=\"wp-block-embed-facebook wp-block-embed is-type-video is-provider-facebook\"><div class=\"wp-block-embed__wrapper\">\nhttps:\/\/www.facebook.com\/omarfayadmeneses\/videos\/237293750948665\n<\/div><\/figure>\n\n\n\n<figure class=\"wp-block-embed-facebook wp-block-embed is-type-video is-provider-facebook\"><div class=\"wp-block-embed__wrapper\">\nhttps:\/\/www.facebook.com\/1484611188417871\/videos\/246361836551739\/\n<\/div><\/figure>\n","protected":false},"excerpt":{"rendered":"<p>Este s\u00e1bado, el secretario de Gobierno, Sim\u00f3n Vargas Aguilar, entreg\u00f3 el cuarto informe del gobernador, Omar Fayad Meneses, en el Congreso del estado de Hidalgo. El informe fue recibido por Jos\u00e9 Alberto S\u00e1nchez Casta\u00f1eda, secretario de Servicios Legislativos. A lo largo de esta semana, el mandatario estatal ha dado a conocer a trav\u00e9s de las [&hellip;]<\/p>\n","protected":false},"author":93,"featured_media":131543,"comment_status":"closed","ping_status":"open","sticky":false,"template":"","format":"standard","meta":{"footnotes":""},"categories":[15,59],"tags":[],"class_list":["post-131542","post","type-post","status-publish","format-standard","has-post-thumbnail","hentry","category-destacadas","category-general"],"_links":{"self":[{"href":"https:\/\/plazajuarez.mx\/historico\/wp-json\/wp\/v2\/posts\/131542","targetHints":{"allow":["GET"]}}],"collection":[{"href":"https:\/\/plazajuarez.mx\/historico\/wp-json\/wp\/v2\/posts"}],"about":[{"href":"https:\/\/plazajuarez.mx\/historico\/wp-json\/wp\/v2\/types\/post"}],"author":[{"embeddable":true,"href":"https:\/\/plazajuarez.mx\/historico\/wp-json\/wp\/v2\/users\/93"}],"replies":[{"embeddable":true,"href":"https:\/\/plazajuarez.mx\/historico\/wp-json\/wp\/v2\/comments?post=131542"}],"version-history":[{"count":0,"href":"https:\/\/plazajuarez.mx\/historico\/wp-json\/wp\/v2\/posts\/131542\/revisions"}],"wp:featuredmedia":[{"embeddable":true,"href":"https:\/\/plazajuarez.mx\/historico\/wp-json\/wp\/v2\/media\/131543"}],"wp:attachment":[{"href":"https:\/\/plazajuarez.mx\/historico\/wp-json\/wp\/v2\/media?parent=131542"}],"wp:term":[{"taxonomy":"category","embeddable":true,"href":"https:\/\/plazajuarez.mx\/historico\/wp-json\/wp\/v2\/categories?post=131542"},{"taxonomy":"post_tag","embeddable":true,"href":"https:\/\/plazajuarez.mx\/historico\/wp-json\/wp\/v2\/tags?post=131542"}],"curies":[{"name":"wp","href":"https:\/\/api.w.org\/{rel}","templated":true}]}}