{"id":131530,"date":"2020-09-05T07:41:02","date_gmt":"2020-09-05T12:41:02","guid":{"rendered":"https:\/\/plazajuarez.mx\/?p=131530"},"modified":"2020-09-05T07:51:31","modified_gmt":"2020-09-05T12:51:31","slug":"desde-el-hospital-andrea-legarreta-combate-coronavirus-y-una-neumonia","status":"publish","type":"post","link":"https:\/\/plazajuarez.mx\/historico\/desde-el-hospital-andrea-legarreta-combate-coronavirus-y-una-neumonia\/","title":{"rendered":"Desde el hospital, Andrea Legarreta combate coronavirus y una neumon\u00eda"},"content":{"rendered":"\n<p>(EL UNIVERSAL).- A trav\u00e9s de un video en su cuenta de Instagram, Andrea Legarreta detall\u00f3 su estado de salud tras ser diagnosticada, ella y su familia, con Covid-19. Desde el hospital, pero con \u00e1nimo y actitud positiva, la conductora explic\u00f3 que acudi\u00f3 al hospital para que le realizaran una tomograf\u00eda, y el doctor le recomend\u00f3 permanecer ah\u00ed un par de d\u00edas, para estar en observaci\u00f3n.<\/p>\n\n\n\n<p>&#8220;No tengo nada grave, no estoy delicada; est\u00e1n ellos viendo c\u00f3mo se desarrolla esta neumon\u00eda y lo que no quieren es que sea algo de riesgo, me est\u00e1n dando los medicamentos v\u00eda intravenosa, no tengo ox\u00edgeno, me siento bien&#8221;, detall\u00f3. En sus estados de Instagram, Andrea poste\u00f3 el momento en el que fue ingresada al hospital, y todas las precauciones del personal m\u00e9dico, a quien felicit\u00f3 por su heroica labor.<\/p>\n\n\n\n<p>Detall\u00f3 que su familia se encuentra en recuperaci\u00f3n en casa, con algunos s\u00edntomas como p\u00e9rdida de olfato y gusto, as\u00ed como dolor en el cuerpo. &#8220;Estamos muy bien. Mi familia est\u00e1 muy bien. Nina perdi\u00f3 un poquito el olfato y el gusto. M\u00eda se siente tambi\u00e9n bien: ha tenido cansancio y dolor de cuerpo, pero hoy se siente mucho mejor. Erik tambi\u00e9n ha tenido cansancio y dolor de cuerpo. Son quienes la han pasado mejor. En mi caso, estoy bien, positiva, con buena actitud. Pero me llevo a sofocar un poquitito&#8221;, confes\u00f3.<\/p>\n\n\n\n<p>Legarreta reiter\u00f3 que no sabe en d\u00f3nde se contagi\u00f3, y reconoci\u00f3 que ha sido sumamente responsable y no cree que sea el momento para buscar culpables, sino afrontar la situaci\u00f3n de manera positiva. &#8220;No la estoy pasando tan mal, voy a salir adelante&#8221;, finaliz\u00f3.<\/p>\n","protected":false},"excerpt":{"rendered":"<p>(EL UNIVERSAL).- A trav\u00e9s de un video en su cuenta de Instagram, Andrea Legarreta detall\u00f3 su estado de salud tras ser diagnosticada, ella y su familia, con Covid-19. Desde el hospital, pero con \u00e1nimo y actitud positiva, la conductora explic\u00f3 que acudi\u00f3 al hospital para que le realizaran una tomograf\u00eda, y el doctor le recomend\u00f3 [&hellip;]<\/p>\n","protected":false},"author":81,"featured_media":131532,"comment_status":"closed","ping_status":"open","sticky":false,"template":"","format":"standard","meta":{"footnotes":""},"categories":[38],"tags":[],"class_list":["post-131530","post","type-post","status-publish","format-standard","has-post-thumbnail","hentry","category-show"],"_links":{"self":[{"href":"https:\/\/plazajuarez.mx\/historico\/wp-json\/wp\/v2\/posts\/131530","targetHints":{"allow":["GET"]}}],"collection":[{"href":"https:\/\/plazajuarez.mx\/historico\/wp-json\/wp\/v2\/posts"}],"about":[{"href":"https:\/\/plazajuarez.mx\/historico\/wp-json\/wp\/v2\/types\/post"}],"author":[{"embeddable":true,"href":"https:\/\/plazajuarez.mx\/historico\/wp-json\/wp\/v2\/users\/81"}],"replies":[{"embeddable":true,"href":"https:\/\/plazajuarez.mx\/historico\/wp-json\/wp\/v2\/comments?post=131530"}],"version-history":[{"count":0,"href":"https:\/\/plazajuarez.mx\/historico\/wp-json\/wp\/v2\/posts\/131530\/revisions"}],"wp:featuredmedia":[{"embeddable":true,"href":"https:\/\/plazajuarez.mx\/historico\/wp-json\/wp\/v2\/media\/131532"}],"wp:attachment":[{"href":"https:\/\/plazajuarez.mx\/historico\/wp-json\/wp\/v2\/media?parent=131530"}],"wp:term":[{"taxonomy":"category","embeddable":true,"href":"https:\/\/plazajuarez.mx\/historico\/wp-json\/wp\/v2\/categories?post=131530"},{"taxonomy":"post_tag","embeddable":true,"href":"https:\/\/plazajuarez.mx\/historico\/wp-json\/wp\/v2\/tags?post=131530"}],"curies":[{"name":"wp","href":"https:\/\/api.w.org\/{rel}","templated":true}]}}