{"id":131524,"date":"2020-09-05T07:36:11","date_gmt":"2020-09-05T12:36:11","guid":{"rendered":"https:\/\/plazajuarez.mx\/?p=131524"},"modified":"2020-09-05T07:36:27","modified_gmt":"2020-09-05T12:36:27","slug":"festival-internacional-de-cine-de-morelia-2020-tendra-version-hibrida","status":"publish","type":"post","link":"https:\/\/plazajuarez.mx\/historico\/festival-internacional-de-cine-de-morelia-2020-tendra-version-hibrida\/","title":{"rendered":"Festival Internacional de Cine de Morelia 2020, tendr\u00e1 versi\u00f3n h\u00edbrida"},"content":{"rendered":"\n<p>(EL UNIVERSAL).- Como est\u00e1 ocurriendo en gran parte del mundo debido a la pandemia por el Covid-19, la edici\u00f3n 2020 del Festival Internacional de Cine de Morelia tendr\u00e1 versi\u00f3n h\u00edbrida, con funciones presenciales y de forma virtual.<\/p>\n\n\n\n<p>Esta ma\u00f1ana de viernes, el certamen que se realizar\u00e1 en la \u00faltima semana de octubre dio a conocer las m\u00e1s de 90 producciones, entre corto y largometrajes, que formar\u00e1n parte de su programaci\u00f3n.<\/p>\n\n\n\n<p>Esta ser\u00e1 la primera vez que el FICM (por sus siglas) s\u00f3lo tendr\u00e1 cinco d\u00edas de actividades, la mitad de lo que contabiliza normalmente.<\/p>\n\n\n\n<p>Entre los t\u00edtulos en competencia se encuentran las ficciones &#8220;Sin se\u00f1as particulares&#8221;, que previamente competir\u00e1 en San Sebasti\u00e1n y &#8220;Blanco de verano&#8221;, reci\u00e9n ganadora en el festival de Lima.<\/p>\n\n\n\n<p>Tambi\u00e9n est\u00e1n &#8220;Amalgama&#8221;, una historia de dentistas interpretados por Manolo Cardona y Miguel Rodarte; &#8220;La diosa del asfalto&#8221;, de Juli\u00e1n Hern\u00e1ndez, ubicada en los 80\u2019s y &#8220;Todo lo invisible&#8221;, con B\u00e1rbara Mori.<\/p>\n\n\n\n<p>La secci\u00f3n de largo de ficci\u00f3n se complementa con &#8220;\u00a1\u00c1nimo juventud!&#8221; de Carlos Armella; &#8220;Fauna&#8221;, de Nicol\u00e1s Pereda; &#8220;Fuego adentro&#8221;, de Jes\u00fas Mario Lozano y &#8220;Ricochet&#8221;, de Rodrigo Fiallega.<\/p>\n\n\n\n<p>&#8220;Con el fin de garantizar la seguridad de los asistentes al festival y el fiel cumplimiento de los protocolos sanitarios, este 18\u00ba FICM, que se llevar\u00e1 a cabo del 28 de octubre al 1 de noviembre, se desarrollar\u00e1 en una versi\u00f3n h\u00edbrida de cinco d\u00edas, con funciones presenciales en la ciudad de Morelia y funciones virtuales gratuitas a trav\u00e9s de Cin\u00e9polis Klic, Canal 22 y FilminLatino&#8221;, inform\u00f3 el festival en un comunicado.<\/p>\n\n\n\n<p>En la secci\u00f3n de Largometraje Documental se eligieron 11 t\u00edtulos, entre ellos &#8220;Ciudad&#8221;, una co direcci\u00f3n entre Maya Goded, Julio Hern\u00e1ndez Cord\u00f3n, Nuria Ib\u00e1\u00f1ez y Carlos F. Rossini y &#8220;Cosas que no hacemos&#8221;, elegido anteriormente por festivales de Francia, Inglaterra y Canad\u00e1.<\/p>\n\n\n\n<p>Tambi\u00e9n se encuentran &#8220;La mami&#8221;, sobre una mujer que trabaja en un m\u00edtico centro nocturno de la capital mexicana y Yermo, de Everardo Gonz\u00e1lez.<\/p>\n\n\n\n<p>Otros t\u00edtulos son &#8220;Las flores de la noche&#8221;, &#8220;Kuxlejal&#8221;, &#8220;No son horas de olvidar&#8221;, &#8220;Non western&#8221;, &#8220;Tu\u2019 un Savi&#8221; y &#8220;499&#8221;.<\/p>\n\n\n\n<p>Entre los 60 cortometrajes mexicanos se leen &#8220;L\u2019 amour est aveugle&#8221;. &#8220;Une histoire de Boris Vian&#8221;, dirigida por Edgar San Juan, ex subsecretario de Desarrollo Cultural del gobierno federal; Wheels, de Roberto Fiesco y Refugio, de Tamara Yazbek Bernal.<\/p>\n\n\n\n<p>En el comunicado el FICM destaca la presencia femenina en sus diversas etapas.<\/p>\n\n\n\n<p>&#8220;De 729 trabajos inscritos, el 24% fueron realizados por directoras (176). En la Selecci\u00f3n Oficial del 18\u00ba FICM, 38% de los trabajos fueron dirigidos por mujeres&#8221;, establece.<\/p>\n","protected":false},"excerpt":{"rendered":"<p>(EL UNIVERSAL).- Como est\u00e1 ocurriendo en gran parte del mundo debido a la pandemia por el Covid-19, la edici\u00f3n 2020 del Festival Internacional de Cine de Morelia tendr\u00e1 versi\u00f3n h\u00edbrida, con funciones presenciales y de forma virtual. Esta ma\u00f1ana de viernes, el certamen que se realizar\u00e1 en la \u00faltima semana de octubre dio a conocer [&hellip;]<\/p>\n","protected":false},"author":81,"featured_media":131526,"comment_status":"closed","ping_status":"open","sticky":false,"template":"","format":"standard","meta":{"footnotes":""},"categories":[41],"tags":[],"class_list":["post-131524","post","type-post","status-publish","format-standard","has-post-thumbnail","hentry","category-arteria-cultural"],"_links":{"self":[{"href":"https:\/\/plazajuarez.mx\/historico\/wp-json\/wp\/v2\/posts\/131524","targetHints":{"allow":["GET"]}}],"collection":[{"href":"https:\/\/plazajuarez.mx\/historico\/wp-json\/wp\/v2\/posts"}],"about":[{"href":"https:\/\/plazajuarez.mx\/historico\/wp-json\/wp\/v2\/types\/post"}],"author":[{"embeddable":true,"href":"https:\/\/plazajuarez.mx\/historico\/wp-json\/wp\/v2\/users\/81"}],"replies":[{"embeddable":true,"href":"https:\/\/plazajuarez.mx\/historico\/wp-json\/wp\/v2\/comments?post=131524"}],"version-history":[{"count":0,"href":"https:\/\/plazajuarez.mx\/historico\/wp-json\/wp\/v2\/posts\/131524\/revisions"}],"wp:featuredmedia":[{"embeddable":true,"href":"https:\/\/plazajuarez.mx\/historico\/wp-json\/wp\/v2\/media\/131526"}],"wp:attachment":[{"href":"https:\/\/plazajuarez.mx\/historico\/wp-json\/wp\/v2\/media?parent=131524"}],"wp:term":[{"taxonomy":"category","embeddable":true,"href":"https:\/\/plazajuarez.mx\/historico\/wp-json\/wp\/v2\/categories?post=131524"},{"taxonomy":"post_tag","embeddable":true,"href":"https:\/\/plazajuarez.mx\/historico\/wp-json\/wp\/v2\/tags?post=131524"}],"curies":[{"name":"wp","href":"https:\/\/api.w.org\/{rel}","templated":true}]}}