{"id":131520,"date":"2020-09-05T07:34:02","date_gmt":"2020-09-05T12:34:02","guid":{"rendered":"https:\/\/plazajuarez.mx\/?p=131520"},"modified":"2020-09-05T07:34:16","modified_gmt":"2020-09-05T12:34:16","slug":"cine-de-hoy-96","status":"publish","type":"post","link":"https:\/\/plazajuarez.mx\/historico\/cine-de-hoy-96\/","title":{"rendered":"CINE DE HOY"},"content":{"rendered":"\n<h2 class=\"wp-block-heading\"><strong>Familia alemana<\/strong><\/h2>\n\n\n\n<!--more-->\n\n\n\n<p>Otra de las cintas de la Semana del Cine Alem\u00e1n que no se exhibi\u00f3 en l\u00ednea y que fue recuperada por la Cineteca Nacional, es el documental Heimat es un espacio en el tiempo de Thomas Heise.<\/p>\n\n\n\n<p>El realizador plasm\u00f3 un exhaustivo recorrido por la historia de su familia desde fines de la Primera Guerra Mundial, cuando un profesor se casa con una bailarina jud\u00eda.<\/p>\n\n\n\n<p>Heise se apoya en las cartas escritas por los familiares en las que se va vislumbrando el ascenso del nazismo, la expulsi\u00f3n del maestro de su c\u00e1tedra, y la consiguiente deportaci\u00f3n a los campos de exterminio. <\/p>\n\n\n\n<p>Lo malo del asunto es que todo esto est\u00e1 muy pobremente ilustrado con interminables listas de las personas detenidas, y por la narraci\u00f3n del propio realizador, con algunas de las cartas, sin importar que hayan sido escritas por mujeres.<\/p>\n\n\n\n<p>La historia se retoma luego del fin de la Segunda Guerra Mundial y de la creaci\u00f3n de la Rep\u00fablica Democr\u00e1tica Alemana.<\/p>\n\n\n\n<p>Hay nuevos romances, que casi nunca terminan de manera feliz y que desembocan hasta la propia historia del realizador y de sus padres recluidos en un hospital y un asilo.<\/p>\n\n\n\n<p>El realizador de documentales como Gegenwart y Die Lage cuenta pues con una fascinante historia de las vicisitudes de una familia alemana a lo largo de casi un siglo a trav\u00e9s de cuatro generaciones.<\/p>\n\n\n\n<p>Con todo, no ha querido recurrir a archivos hist\u00f3ricos ni a material de las filmotecas, sino que se ha limitado a filmar trenes y paisajes que poco o nada tienen que ver con el texto.<\/p>\n\n\n\n<p>Heimat is ein raum aus zeit resulta pues una experiencia extrema con sus 218 minutos, pero es una interesante visi\u00f3n de una familia alemana a trav\u00e9s de la historia. &nbsp;<\/p>\n","protected":false},"excerpt":{"rendered":"<p>Familia alemana<\/p>\n","protected":false},"author":96,"featured_media":131522,"comment_status":"closed","ping_status":"open","sticky":false,"template":"","format":"standard","meta":{"footnotes":""},"categories":[41,54,42],"tags":[],"class_list":["post-131520","post","type-post","status-publish","format-standard","has-post-thumbnail","hentry","category-arteria-cultural","category-jorge-carrasco","category-nuestrapalabra"],"_links":{"self":[{"href":"https:\/\/plazajuarez.mx\/historico\/wp-json\/wp\/v2\/posts\/131520","targetHints":{"allow":["GET"]}}],"collection":[{"href":"https:\/\/plazajuarez.mx\/historico\/wp-json\/wp\/v2\/posts"}],"about":[{"href":"https:\/\/plazajuarez.mx\/historico\/wp-json\/wp\/v2\/types\/post"}],"author":[{"embeddable":true,"href":"https:\/\/plazajuarez.mx\/historico\/wp-json\/wp\/v2\/users\/96"}],"replies":[{"embeddable":true,"href":"https:\/\/plazajuarez.mx\/historico\/wp-json\/wp\/v2\/comments?post=131520"}],"version-history":[{"count":0,"href":"https:\/\/plazajuarez.mx\/historico\/wp-json\/wp\/v2\/posts\/131520\/revisions"}],"wp:featuredmedia":[{"embeddable":true,"href":"https:\/\/plazajuarez.mx\/historico\/wp-json\/wp\/v2\/media\/131522"}],"wp:attachment":[{"href":"https:\/\/plazajuarez.mx\/historico\/wp-json\/wp\/v2\/media?parent=131520"}],"wp:term":[{"taxonomy":"category","embeddable":true,"href":"https:\/\/plazajuarez.mx\/historico\/wp-json\/wp\/v2\/categories?post=131520"},{"taxonomy":"post_tag","embeddable":true,"href":"https:\/\/plazajuarez.mx\/historico\/wp-json\/wp\/v2\/tags?post=131520"}],"curies":[{"name":"wp","href":"https:\/\/api.w.org\/{rel}","templated":true}]}}