{"id":131322,"date":"2020-09-04T07:28:04","date_gmt":"2020-09-04T12:28:04","guid":{"rendered":"https:\/\/plazajuarez.mx\/?p=131322"},"modified":"2020-09-04T07:28:19","modified_gmt":"2020-09-04T12:28:19","slug":"hoy-votaran-y-tomaran-protesta-los-84-concejos-municipales","status":"publish","type":"post","link":"https:\/\/plazajuarez.mx\/historico\/hoy-votaran-y-tomaran-protesta-los-84-concejos-municipales\/","title":{"rendered":"Hoy votar\u00e1n y tomar\u00e1n protesta los 84 Concejos municipales"},"content":{"rendered":"\n<p>El diputado local de la fracci\u00f3n del Partido Revolucionario Institucional (PRI), Jos\u00e9 Luis Espinoza Silva, inform\u00f3 que hoy se subir\u00e1n al pleno para su votaci\u00f3n, las propuestas de integraci\u00f3n de los 84 Concejos Municipales Interinos, a fin de que se aprueben y en todo caso se tome protesta.&nbsp;<\/p>\n\n\n\n<p>\u201cTenemos cita ma\u00f1ana a las ocho de la ma\u00f1ana, para presentar todos los dict\u00e1menes ante el pleno, antes se tuvieron que haber dispersado en correos electr\u00f3nicos, que tengan conocimiento, para que ma\u00f1ana (hoy) puedan votarlos y protestarlos, y quede todo bien establecido para la sesi\u00f3n extraordinaria\u201d, explic\u00f3.<\/p>\n\n\n\n<p>De igual forma, destac\u00f3 que el trabajo de la conformaci\u00f3n \u201cin\u00e9dita\u201d en Hidalgo de los 84 concejos, les ha llevado mucho tiempo; sin embargo, garantiz\u00f3 que se se ha tenido claridad y todo lo que implica esta selecci\u00f3n de ciudadanos para que se conformen estos organismos que ser\u00e1n los encargados de recibir las administraciones municipales salientes y posteriormente entregarlas a los gobiernos que habr\u00e1n de tomar el cargo en diciembre pr\u00f3ximo.<\/p>\n","protected":false},"excerpt":{"rendered":"<p>El diputado local de la fracci\u00f3n del Partido Revolucionario Institucional (PRI), Jos\u00e9 Luis Espinoza Silva, inform\u00f3 que hoy se subir\u00e1n al pleno para su votaci\u00f3n, las propuestas de integraci\u00f3n de los 84 Concejos Municipales Interinos, a fin de que se aprueben y en todo caso se tome protesta.&nbsp; \u201cTenemos cita ma\u00f1ana a las ocho de [&hellip;]<\/p>\n","protected":false},"author":93,"featured_media":131323,"comment_status":"closed","ping_status":"open","sticky":false,"template":"","format":"standard","meta":{"footnotes":""},"categories":[59],"tags":[],"class_list":["post-131322","post","type-post","status-publish","format-standard","has-post-thumbnail","hentry","category-general"],"_links":{"self":[{"href":"https:\/\/plazajuarez.mx\/historico\/wp-json\/wp\/v2\/posts\/131322","targetHints":{"allow":["GET"]}}],"collection":[{"href":"https:\/\/plazajuarez.mx\/historico\/wp-json\/wp\/v2\/posts"}],"about":[{"href":"https:\/\/plazajuarez.mx\/historico\/wp-json\/wp\/v2\/types\/post"}],"author":[{"embeddable":true,"href":"https:\/\/plazajuarez.mx\/historico\/wp-json\/wp\/v2\/users\/93"}],"replies":[{"embeddable":true,"href":"https:\/\/plazajuarez.mx\/historico\/wp-json\/wp\/v2\/comments?post=131322"}],"version-history":[{"count":0,"href":"https:\/\/plazajuarez.mx\/historico\/wp-json\/wp\/v2\/posts\/131322\/revisions"}],"wp:featuredmedia":[{"embeddable":true,"href":"https:\/\/plazajuarez.mx\/historico\/wp-json\/wp\/v2\/media\/131323"}],"wp:attachment":[{"href":"https:\/\/plazajuarez.mx\/historico\/wp-json\/wp\/v2\/media?parent=131322"}],"wp:term":[{"taxonomy":"category","embeddable":true,"href":"https:\/\/plazajuarez.mx\/historico\/wp-json\/wp\/v2\/categories?post=131322"},{"taxonomy":"post_tag","embeddable":true,"href":"https:\/\/plazajuarez.mx\/historico\/wp-json\/wp\/v2\/tags?post=131322"}],"curies":[{"name":"wp","href":"https:\/\/api.w.org\/{rel}","templated":true}]}}