{"id":131319,"date":"2020-09-04T07:25:58","date_gmt":"2020-09-04T12:25:58","guid":{"rendered":"https:\/\/plazajuarez.mx\/?p=131319"},"modified":"2020-09-04T07:26:13","modified_gmt":"2020-09-04T12:26:13","slug":"retratos-hablados-988","status":"publish","type":"post","link":"https:\/\/plazajuarez.mx\/historico\/retratos-hablados-988\/","title":{"rendered":"RETRATOS HABLADOS"},"content":{"rendered":"\n<h2 class=\"wp-block-heading\"><strong>Dos d\u00edas, dos decisiones: de la soberbia a la perdici\u00f3n<\/strong><\/h2>\n\n\n\n<!--more-->\n\n\n\n<p>Viernes y s\u00e1bado. En el primer d\u00eda se decidir\u00e1n en el Congreso del Estado, los 84 Concejos Municipales que gobernar\u00e1n por espacio de tres meses en tanto son celebradas las elecciones; o m\u00e1s, si la pandemia se complica y hay necesidad de prorrogar los comicios electorales.<\/p>\n\n\n\n<p>En el segundo d\u00eda, el s\u00e1bado 5 de septiembre, el juez de control del Penal Federal de El Altiplano, tambi\u00e9n emitir\u00e1 su veredicto en el sentido si vincular\u00e1 o no a proceso por los delitos de delincuencia organizada y lavado de dinero, al a\u00fan Presidente del Patronato Universitario, de la UAEH, <strong>Gerardo Sosa<\/strong>, junto con otras tres personas, y que los mantienen en prisi\u00f3n preventiva de oficio desde que fueron capturados en la Ciudad de M\u00e9xico.<\/p>\n\n\n\n<p>Ambos asuntos van de la mano, porque la influencia del hombre poderoso del Grupo Universidad, que por supuesto a\u00fan ejerce el control absoluto en esa Casa de Estudios, tal como lo ha hecho los \u00faltimos 38 a\u00f1os, ha resultado clara y definitiva en todo asunto pol\u00edtico que se ha registrado en Hidalgo desde hace mucho tiempo. Hasta antes de ser detenido por la Fiscal\u00eda General de la Rep\u00fablica, manten\u00eda todo su inter\u00e9s en colocar la mayor cantidad de sus adeptos en dichos organismos, con el objetivo fundamental de tener todo preparado para el momento que se realicen los comicios constitucionales, donde participa con candidatos de su propiedad en los principales ayuntamientos del Estado, y logr\u00f3 impon\u00e9rselos a Morena, pese al descontento de su base militante.<\/p>\n\n\n\n<p>No, en definitiva el que de manera inicial se observar\u00eda como un golpe demoledor y definitivo en contra del Patronato, -figura creada expresamente para que desde ella decidiera todo en la Universidad Aut\u00f3noma del Estado de Hidalgo, y desde el cual surgieron las Empresas Universitarias, 22 a la fecha, que no est\u00e1n obligadas a rendir cuenta a nadie-, pudiera no serlo al final del d\u00eda.<\/p>\n\n\n\n<p>Porque la capacidad de recuperaci\u00f3n que ha tenido en su larga historia de conflictos con las autoridades el hombre con m\u00e1s poder econ\u00f3mico y pol\u00edtico dentro y fuera de la instituci\u00f3n educativa, ha sido poco menos que sorprendente, de tal modo que nadie puede ni quiere cantar victoria antes de tiempo.<\/p>\n\n\n\n<p>Poseedor de una capacidad real para la organizaci\u00f3n y el aprovechamiento de recursos a nivel estatal, nacional e incluso internacional, <strong>Gerardo Sosa<\/strong> cay\u00f3 en el pecado m\u00e1s grave que b\u00edblicamente se anota: la soberbia. Pudo dejar a tiempo la UAEH luego de impulsar el proceso de modernizaci\u00f3n m\u00e1s profundo en la misma con la construcci\u00f3n de infraestructura educativa, nuevos campus de ense\u00f1anza y su fortalecimiento econ\u00f3mico. De no haber prestado o\u00eddos al equipo de asesores que acab\u00f3 por rodearlo, y que fundamentaron su labor en alabarlo, lisonjearlo, hacerle creer un s\u00faper hombre, por lo tanto invencible, tal vez su historia ser\u00eda muy diferente en estos momentos.<\/p>\n\n\n\n<p>Porque jam\u00e1s quiso entender, o aquellos que acabaron por llamarlo en todo momento \u201cM\u00ed Se\u00f1or\u201d no lo dejaron entender, que transformarse en un dictador, cacique o como se quiera llamar a quien se eterniza en el poder, solo puede conducir a un destino reservado para personajes de ese tipo: el despe\u00f1adero, la destrucci\u00f3n no solo propia sino de su entorno privado, el m\u00e1s importante y vital que todo ser humano puede tener. Porque es evidente que aquellos que lo llamaban con absoluto descaro \u201cM\u00ed Se\u00f1or\u201d, no tienen la f\u00f3rmula para dar marcha atr\u00e1s al tiempo.<\/p>\n\n\n\n<p>Ma\u00f1ana s\u00e1bado es de esperarse para muchos que el juez encargado del caso lo vincule a proceso por delincuencia organizada y lavado de dinero, y que el gran equipo de lisonjeros que acab\u00f3 por privarlo de la vista para ver la realidad, simplemente den la vuelta a la hoja para pasar\u2026 a otra historia.<\/p>\n\n\n\n<p>Dos hechos, la designaci\u00f3n de Concejos Municipales y el caso judicial de <strong>Gerardo Sosa<\/strong>, que est\u00e1n \u00edntimamente ligados, y de los que todav\u00eda no est\u00e1 dicha la \u00faltima palabra.<\/p>\n\n\n\n<p><strong>Mil gracias, hasta el pr\u00f3ximo lunes.<\/strong><\/p>\n\n\n\n<p><a href=\"mailto:jeperalta@plazajuarz.mx\">jeperalta@plazajuarz.mx<\/a><\/p>\n\n\n\n<p>@JavierEPeralta<\/p>\n","protected":false},"excerpt":{"rendered":"<p>Dos d\u00edas, dos decisiones: de la soberbia a la perdici\u00f3n<\/p>\n","protected":false},"author":10,"featured_media":0,"comment_status":"closed","ping_status":"open","sticky":false,"template":"","format":"standard","meta":{"footnotes":""},"categories":[49,42],"tags":[],"class_list":["post-131319","post","type-post","status-publish","format-standard","hentry","category-javier-peralta","category-nuestrapalabra"],"_links":{"self":[{"href":"https:\/\/plazajuarez.mx\/historico\/wp-json\/wp\/v2\/posts\/131319","targetHints":{"allow":["GET"]}}],"collection":[{"href":"https:\/\/plazajuarez.mx\/historico\/wp-json\/wp\/v2\/posts"}],"about":[{"href":"https:\/\/plazajuarez.mx\/historico\/wp-json\/wp\/v2\/types\/post"}],"author":[{"embeddable":true,"href":"https:\/\/plazajuarez.mx\/historico\/wp-json\/wp\/v2\/users\/10"}],"replies":[{"embeddable":true,"href":"https:\/\/plazajuarez.mx\/historico\/wp-json\/wp\/v2\/comments?post=131319"}],"version-history":[{"count":0,"href":"https:\/\/plazajuarez.mx\/historico\/wp-json\/wp\/v2\/posts\/131319\/revisions"}],"wp:attachment":[{"href":"https:\/\/plazajuarez.mx\/historico\/wp-json\/wp\/v2\/media?parent=131319"}],"wp:term":[{"taxonomy":"category","embeddable":true,"href":"https:\/\/plazajuarez.mx\/historico\/wp-json\/wp\/v2\/categories?post=131319"},{"taxonomy":"post_tag","embeddable":true,"href":"https:\/\/plazajuarez.mx\/historico\/wp-json\/wp\/v2\/tags?post=131319"}],"curies":[{"name":"wp","href":"https:\/\/api.w.org\/{rel}","templated":true}]}}