{"id":131251,"date":"2020-09-03T07:41:58","date_gmt":"2020-09-03T12:41:58","guid":{"rendered":"https:\/\/plazajuarez.mx\/?p=131251"},"modified":"2020-09-03T07:42:16","modified_gmt":"2020-09-03T12:42:16","slug":"consejos-de-administracion-ya-estan-listos","status":"publish","type":"post","link":"https:\/\/plazajuarez.mx\/historico\/consejos-de-administracion-ya-estan-listos\/","title":{"rendered":"Consejos de Administraci\u00f3n ya est\u00e1n listos"},"content":{"rendered":"\n<p><strong>Ixmiquilpan<\/strong>.- Ya deben estar listos los Concejos de Administraci\u00f3n, los cuales se har\u00e1n cargo temporalmente de los gobiernos municipales hasta que el 15 de diciembre, los alcaldes nuevos tomen posesi\u00f3n del cargo.<\/p>\n\n\n\n<p>De acuerdo al diputado V\u00edctor Trejo, los Concejos debieron quedar listos ayer y se dar\u00e1n a conocer p\u00fablicamente, pues recibir\u00e1n sus cargos a partir del primer minuto del pr\u00f3ximo s\u00e1bado. Previamente deber\u00e1n recibir una capacitaci\u00f3n, se inform\u00f3.&nbsp;<\/p>\n\n\n\n<p>Sin embargo, en los municipios, la Auditor\u00eda Superior del Estado de Hidalgo (ASEH), ha urgido a realizar todo lo referente a la entrega recepci\u00f3n, independientemente que haya o no un responsable dentro de la administraci\u00f3n.&nbsp;<\/p>\n\n\n\n<p>Por su parte el legislador, a trav\u00e9s de un video, pidi\u00f3 a la poblaci\u00f3n a no desesperarse por la designaci\u00f3n de los Concejeros.&nbsp;<\/p>\n\n\n\n<p>En este sentido, subray\u00f3, que ser\u00e1 este jueves cuando finalmente se pueda conocer el listado de los 84 municipios.&nbsp;<\/p>\n\n\n\n<p>Los Consejos de Administraci\u00f3n, funcionar\u00e1n hasta el 15 de diciembre, cuando tomen posesi\u00f3n los nuevos gobiernos, que ser\u00e1n electos el pr\u00f3ximo 18 de octubre.<\/p>\n","protected":false},"excerpt":{"rendered":"<p>Ixmiquilpan.- Ya deben estar listos los Concejos de Administraci\u00f3n, los cuales se har\u00e1n cargo temporalmente de los gobiernos municipales hasta que el 15 de diciembre, los alcaldes nuevos tomen posesi\u00f3n del cargo. De acuerdo al diputado V\u00edctor Trejo, los Concejos debieron quedar listos ayer y se dar\u00e1n a conocer p\u00fablicamente, pues recibir\u00e1n sus cargos a [&hellip;]<\/p>\n","protected":false},"author":75,"featured_media":131253,"comment_status":"closed","ping_status":"open","sticky":false,"template":"","format":"standard","meta":{"footnotes":""},"categories":[40],"tags":[],"class_list":["post-131251","post","type-post","status-publish","format-standard","has-post-thumbnail","hentry","category-region"],"_links":{"self":[{"href":"https:\/\/plazajuarez.mx\/historico\/wp-json\/wp\/v2\/posts\/131251","targetHints":{"allow":["GET"]}}],"collection":[{"href":"https:\/\/plazajuarez.mx\/historico\/wp-json\/wp\/v2\/posts"}],"about":[{"href":"https:\/\/plazajuarez.mx\/historico\/wp-json\/wp\/v2\/types\/post"}],"author":[{"embeddable":true,"href":"https:\/\/plazajuarez.mx\/historico\/wp-json\/wp\/v2\/users\/75"}],"replies":[{"embeddable":true,"href":"https:\/\/plazajuarez.mx\/historico\/wp-json\/wp\/v2\/comments?post=131251"}],"version-history":[{"count":0,"href":"https:\/\/plazajuarez.mx\/historico\/wp-json\/wp\/v2\/posts\/131251\/revisions"}],"wp:featuredmedia":[{"embeddable":true,"href":"https:\/\/plazajuarez.mx\/historico\/wp-json\/wp\/v2\/media\/131253"}],"wp:attachment":[{"href":"https:\/\/plazajuarez.mx\/historico\/wp-json\/wp\/v2\/media?parent=131251"}],"wp:term":[{"taxonomy":"category","embeddable":true,"href":"https:\/\/plazajuarez.mx\/historico\/wp-json\/wp\/v2\/categories?post=131251"},{"taxonomy":"post_tag","embeddable":true,"href":"https:\/\/plazajuarez.mx\/historico\/wp-json\/wp\/v2\/tags?post=131251"}],"curies":[{"name":"wp","href":"https:\/\/api.w.org\/{rel}","templated":true}]}}