{"id":131246,"date":"2020-09-03T07:40:20","date_gmt":"2020-09-03T12:40:20","guid":{"rendered":"https:\/\/plazajuarez.mx\/?p=131246"},"modified":"2020-09-03T07:40:38","modified_gmt":"2020-09-03T12:40:38","slug":"no-hubo-avances-en-recuperacion-del-derecho-de-via","status":"publish","type":"post","link":"https:\/\/plazajuarez.mx\/historico\/no-hubo-avances-en-recuperacion-del-derecho-de-via\/","title":{"rendered":"No hubo avances en recuperaci\u00f3n del derecho de v\u00eda"},"content":{"rendered":"\n<p><strong>Tulancingo<\/strong>.- A pesar de que a inicios del 2019, el gobierno de Tulancingo y la delegaci\u00f3n en Hidalgo de la Secretar\u00eda de Comunicaciones y Transportes, iniciaron el proceso para recuperar el derecho de v\u00eda de la antigua carretera M\u00e9xico\u2013Tulancingo, no hubo logros al respecto. La siguiente administraci\u00f3n debe dar seguimiento al tema.<\/p>\n\n\n\n<p>En febrero del 2019, el entonces secretario municipal, Ra\u00fal S\u00e1nchez Parra, declar\u00f3 que la intenci\u00f3n de la administraci\u00f3n municipal era tener un Tulancingo m\u00e1s ordenado, seg\u00fan indicaci\u00f3n del alcalde, Fernando P\u00e9rez Rodr\u00edguez.<\/p>\n\n\n\n<p>El ex secretario municipal dijo que la SCT Hidalgo estaba en la mejor disposici\u00f3n de concretar ese proyecto, incluso se notific\u00f3 de manera inicial a cinco empresas que estaban invadiendo el derecho de v\u00eda.<\/p>\n\n\n\n<p>Luego de a esas cinco notificaciones, las empresas involucradas dijeron estar en la mejor disponibilidad de liberar el espacio federal, siempre y cuando la indicaci\u00f3n fuera para todos los negocios.<\/p>\n\n\n\n<p>Tras esas peticiones, la SCT Hidalgo, con apoyo de las autoridades municipales, entregaron m\u00e1s de 500 notificaciones a los negocios que invad\u00edan el derecho de v\u00eda, sin embargo, el tema se estanc\u00f3.&nbsp;<\/p>\n\n\n\n<p>Al buscar a los encargados del \u00e1rea del derecho de v\u00eda de la SCT Hidalgo, encabezados por la licenciada Patricia Pichardo para conocer los avances del proyecto, no hubo respuesta.<\/p>\n\n\n\n<p>Los comerciantes reconocieron que es un tema delicado, pues por a\u00f1os se permiti\u00f3 e incluso varios de ellos invirtieron en estructuras met\u00e1licas. Ahora piden que si se retoma el tema, sean parejos con todos.<\/p>\n","protected":false},"excerpt":{"rendered":"<p>Tulancingo.- A pesar de que a inicios del 2019, el gobierno de Tulancingo y la delegaci\u00f3n en Hidalgo de la Secretar\u00eda de Comunicaciones y Transportes, iniciaron el proceso para recuperar el derecho de v\u00eda de la antigua carretera M\u00e9xico\u2013Tulancingo, no hubo logros al respecto. La siguiente administraci\u00f3n debe dar seguimiento al tema. En febrero del [&hellip;]<\/p>\n","protected":false},"author":70,"featured_media":131249,"comment_status":"closed","ping_status":"open","sticky":false,"template":"","format":"standard","meta":{"footnotes":""},"categories":[40],"tags":[],"class_list":["post-131246","post","type-post","status-publish","format-standard","has-post-thumbnail","hentry","category-region"],"_links":{"self":[{"href":"https:\/\/plazajuarez.mx\/historico\/wp-json\/wp\/v2\/posts\/131246","targetHints":{"allow":["GET"]}}],"collection":[{"href":"https:\/\/plazajuarez.mx\/historico\/wp-json\/wp\/v2\/posts"}],"about":[{"href":"https:\/\/plazajuarez.mx\/historico\/wp-json\/wp\/v2\/types\/post"}],"author":[{"embeddable":true,"href":"https:\/\/plazajuarez.mx\/historico\/wp-json\/wp\/v2\/users\/70"}],"replies":[{"embeddable":true,"href":"https:\/\/plazajuarez.mx\/historico\/wp-json\/wp\/v2\/comments?post=131246"}],"version-history":[{"count":0,"href":"https:\/\/plazajuarez.mx\/historico\/wp-json\/wp\/v2\/posts\/131246\/revisions"}],"wp:featuredmedia":[{"embeddable":true,"href":"https:\/\/plazajuarez.mx\/historico\/wp-json\/wp\/v2\/media\/131249"}],"wp:attachment":[{"href":"https:\/\/plazajuarez.mx\/historico\/wp-json\/wp\/v2\/media?parent=131246"}],"wp:term":[{"taxonomy":"category","embeddable":true,"href":"https:\/\/plazajuarez.mx\/historico\/wp-json\/wp\/v2\/categories?post=131246"},{"taxonomy":"post_tag","embeddable":true,"href":"https:\/\/plazajuarez.mx\/historico\/wp-json\/wp\/v2\/tags?post=131246"}],"curies":[{"name":"wp","href":"https:\/\/api.w.org\/{rel}","templated":true}]}}