{"id":131245,"date":"2020-09-03T07:39:00","date_gmt":"2020-09-03T12:39:00","guid":{"rendered":"https:\/\/plazajuarez.mx\/?p=131245"},"modified":"2020-09-03T07:39:19","modified_gmt":"2020-09-03T12:39:19","slug":"tendra-que-revisarse-la-situacion-del-ex-presidente-cochiloco","status":"publish","type":"post","link":"https:\/\/plazajuarez.mx\/historico\/tendra-que-revisarse-la-situacion-del-ex-presidente-cochiloco\/","title":{"rendered":"Tendr\u00e1 que revisarse la situaci\u00f3n del ex presidente \u201cCochiloco\u201d"},"content":{"rendered":"\n<p><strong>Cuautepec<\/strong>.- El titular de la Secretar\u00eda de Contralor\u00eda del Estado de Hidalgo, C\u00e9sar Rom\u00e1n Mora V\u00e1zquez, se\u00f1al\u00f3 que si bien el abanderado del Partido Encuentro Social Hidalgo (PESH) cuenta con\u00a0 los requisitos de elegibilidad, para contender de nuevo por la presidencia de Cuautepec, tendr\u00eda que revisarse su situaci\u00f3n, en caso de ganar.<\/p>\n\n\n\n<p>El funcionario estatal reconoci\u00f3 que no existe una normativa legal espec\u00edfica que pueda limitar a Olmedo Arista, al\u00edas el \u201cCochiloco\u201d, para que pueda contender por la alcald\u00eda del municipio que gobern\u00f3 del 2012 al 2016; sin embargo s\u00ed tendr\u00eda que revisarse que pueda rendir protesta al cargo, en caso de ganar la elecci\u00f3n del 18 de octubre.<\/p>\n\n\n\n<p>Lo anterior, de acuerdo con lo establecido en el art\u00edculo 108 de la Constituci\u00f3n, sobre las responsabilidades de los funcionarios p\u00fablicos.<\/p>\n\n\n\n<p>Gerardo Olmedo Arista fue inhabilitado por la Secretar\u00eda de la Funci\u00f3n P\u00fablica (SFP) por incurrir en \u201cNegligencia administrativa\u201d, enfrentando dos procesos administrativos de los cuales result\u00f3 responsable, lo que caus\u00f3 su inhabilitaci\u00f3n por tres a\u00f1os, en un periodo del pasado 18 de febrero al 18 de febrero de 2023.<\/p>\n\n\n\n<p>En el segundo expediente el ex alcalde fue sancionado por el mismo motivo, tambi\u00e9n por un periodo de tres a\u00f1os, que comienzan a correr a partir de18 de febrero de 2020 al 18 de febrero de 2023.<\/p>\n\n\n\n<p>La inhabilitaci\u00f3n fue establecida por la SFP, tras una denuncia presentada por la actual administraci\u00f3n municipal, as\u00ed como por una auditor\u00eda realizada por el \u00d3rgano de Control Interno del ayuntamiento de Cuautepec.<\/p>\n\n\n\n<p>Por ello, Mora Vel\u00e1zquez consider\u00f3 que el caso del ex alcalde, que busca repetir en el cargo en el actual proceso electoral, es incluso digno de ser objeto de estudio, y el \u00fanico que se conoce en el Estado de Hidalgo, hasta el momento.<\/p>\n\n\n\n<p>Dijo que esperar\u00e1n en primera instancia a que el Instituto Estatal Electoral de Hidalgo (IEEH) finalice la revisi\u00f3n de los listados de aspirantes a obtener candidaturas, e incluso a que se desarrollen las etapas posteriores del actual proceso electoral, para evaluar la situaci\u00f3n legal de Olmedo Arista.<\/p>\n\n\n\n<p>Respecto a las declaraciones de la dirigencia estatal del PESH en el sentido de que el ex alcalde no cuenta con ninguna inhabilitaci\u00f3n o situaci\u00f3n legal que le impida ser su candidato por la Presidencia Municipal de Cuautepec, el funcionario estatal consider\u00f3 que lo m\u00e1s adecuado es que exhiban la documentaci\u00f3n que sustente dichas afirmaciones.<\/p>\n","protected":false},"excerpt":{"rendered":"<p>Cuautepec.- El titular de la Secretar\u00eda de Contralor\u00eda del Estado de Hidalgo, C\u00e9sar Rom\u00e1n Mora V\u00e1zquez, se\u00f1al\u00f3 que si bien el abanderado del Partido Encuentro Social Hidalgo (PESH) cuenta con\u00a0 los requisitos de elegibilidad, para contender de nuevo por la presidencia de Cuautepec, tendr\u00eda que revisarse su situaci\u00f3n, en caso de ganar. El funcionario estatal [&hellip;]<\/p>\n","protected":false},"author":70,"featured_media":131247,"comment_status":"closed","ping_status":"open","sticky":false,"template":"","format":"standard","meta":{"footnotes":""},"categories":[40],"tags":[],"class_list":["post-131245","post","type-post","status-publish","format-standard","has-post-thumbnail","hentry","category-region"],"_links":{"self":[{"href":"https:\/\/plazajuarez.mx\/historico\/wp-json\/wp\/v2\/posts\/131245","targetHints":{"allow":["GET"]}}],"collection":[{"href":"https:\/\/plazajuarez.mx\/historico\/wp-json\/wp\/v2\/posts"}],"about":[{"href":"https:\/\/plazajuarez.mx\/historico\/wp-json\/wp\/v2\/types\/post"}],"author":[{"embeddable":true,"href":"https:\/\/plazajuarez.mx\/historico\/wp-json\/wp\/v2\/users\/70"}],"replies":[{"embeddable":true,"href":"https:\/\/plazajuarez.mx\/historico\/wp-json\/wp\/v2\/comments?post=131245"}],"version-history":[{"count":0,"href":"https:\/\/plazajuarez.mx\/historico\/wp-json\/wp\/v2\/posts\/131245\/revisions"}],"wp:featuredmedia":[{"embeddable":true,"href":"https:\/\/plazajuarez.mx\/historico\/wp-json\/wp\/v2\/media\/131247"}],"wp:attachment":[{"href":"https:\/\/plazajuarez.mx\/historico\/wp-json\/wp\/v2\/media?parent=131245"}],"wp:term":[{"taxonomy":"category","embeddable":true,"href":"https:\/\/plazajuarez.mx\/historico\/wp-json\/wp\/v2\/categories?post=131245"},{"taxonomy":"post_tag","embeddable":true,"href":"https:\/\/plazajuarez.mx\/historico\/wp-json\/wp\/v2\/tags?post=131245"}],"curies":[{"name":"wp","href":"https:\/\/api.w.org\/{rel}","templated":true}]}}