{"id":131239,"date":"2020-09-03T07:33:48","date_gmt":"2020-09-03T12:33:48","guid":{"rendered":"https:\/\/plazajuarez.mx\/?p=131239"},"modified":"2020-09-03T07:34:04","modified_gmt":"2020-09-03T12:34:04","slug":"resultados-reflejan-empatia-y-esfuerzo-de-todos-los-sectores","status":"publish","type":"post","link":"https:\/\/plazajuarez.mx\/historico\/resultados-reflejan-empatia-y-esfuerzo-de-todos-los-sectores\/","title":{"rendered":"\u201cResultados reflejan empat\u00eda y esfuerzo de todos los sectores\u201d"},"content":{"rendered":"\n<p>El coordinador estatal del partido Movimiento Ciudadano (MC) Pablo G\u00f3mez L\u00f3pez, puntualiz\u00f3 que el cuarto Informe del mandatario estatal Omar Fayad Meneses, refleja resultados claros y habla de una empat\u00eda, gobernabilidad y esfuerzo de todos los sectores, incluidas las fuerzas pol\u00edticas.<\/p>\n\n\n\n<p>Precis\u00f3 que pese a las circunstancias que se viven en el pa\u00eds, la entidad y las regiones, los avances y el trabajo no han parado, situaci\u00f3n que representa voluntad de parte del gobernador y de su equipo de trabajo por hacer de Hidalgo un mejor lugar.<\/p>\n\n\n\n<p>Se\u00f1al\u00f3 que si bien queda un tramo para transitar y complementar objetivos, luego que las condiciones han cambiado en el sentido de los recursos y replanteamiento de retos derivado de la pandemia, Hidalgo sigue estando como un estado con paz social.<\/p>\n\n\n\n<p>Por otra parte, y respecto al informe del presidente de la Rep\u00fablica, Andr\u00e9s Manuel L\u00f3pez Obrador, celebrado el pasado martes 1 de septiembre refiri\u00f3 \u201cnuevamente se presentan cifras que solo \u00e9l tiene, sigue el discurso de echarle la culpa a gobiernos anteriores, no hay una responsabilidad de asumir lo que es el gobierno\u201d.<\/p>\n","protected":false},"excerpt":{"rendered":"<p>El coordinador estatal del partido Movimiento Ciudadano (MC) Pablo G\u00f3mez L\u00f3pez, puntualiz\u00f3 que el cuarto Informe del mandatario estatal Omar Fayad Meneses, refleja resultados claros y habla de una empat\u00eda, gobernabilidad y esfuerzo de todos los sectores, incluidas las fuerzas pol\u00edticas. Precis\u00f3 que pese a las circunstancias que se viven en el pa\u00eds, la entidad [&hellip;]<\/p>\n","protected":false},"author":73,"featured_media":131240,"comment_status":"closed","ping_status":"open","sticky":false,"template":"","format":"standard","meta":{"footnotes":""},"categories":[59],"tags":[],"class_list":["post-131239","post","type-post","status-publish","format-standard","has-post-thumbnail","hentry","category-general"],"_links":{"self":[{"href":"https:\/\/plazajuarez.mx\/historico\/wp-json\/wp\/v2\/posts\/131239","targetHints":{"allow":["GET"]}}],"collection":[{"href":"https:\/\/plazajuarez.mx\/historico\/wp-json\/wp\/v2\/posts"}],"about":[{"href":"https:\/\/plazajuarez.mx\/historico\/wp-json\/wp\/v2\/types\/post"}],"author":[{"embeddable":true,"href":"https:\/\/plazajuarez.mx\/historico\/wp-json\/wp\/v2\/users\/73"}],"replies":[{"embeddable":true,"href":"https:\/\/plazajuarez.mx\/historico\/wp-json\/wp\/v2\/comments?post=131239"}],"version-history":[{"count":0,"href":"https:\/\/plazajuarez.mx\/historico\/wp-json\/wp\/v2\/posts\/131239\/revisions"}],"wp:featuredmedia":[{"embeddable":true,"href":"https:\/\/plazajuarez.mx\/historico\/wp-json\/wp\/v2\/media\/131240"}],"wp:attachment":[{"href":"https:\/\/plazajuarez.mx\/historico\/wp-json\/wp\/v2\/media?parent=131239"}],"wp:term":[{"taxonomy":"category","embeddable":true,"href":"https:\/\/plazajuarez.mx\/historico\/wp-json\/wp\/v2\/categories?post=131239"},{"taxonomy":"post_tag","embeddable":true,"href":"https:\/\/plazajuarez.mx\/historico\/wp-json\/wp\/v2\/tags?post=131239"}],"curies":[{"name":"wp","href":"https:\/\/api.w.org\/{rel}","templated":true}]}}