{"id":131230,"date":"2020-09-03T07:28:29","date_gmt":"2020-09-03T12:28:29","guid":{"rendered":"https:\/\/plazajuarez.mx\/?p=131230"},"modified":"2020-09-03T07:28:46","modified_gmt":"2020-09-03T12:28:46","slug":"areli-rubi-miranda-deja-al-prd-para-unirse-a-filas-de-morena","status":"publish","type":"post","link":"https:\/\/plazajuarez.mx\/historico\/areli-rubi-miranda-deja-al-prd-para-unirse-a-filas-de-morena\/","title":{"rendered":"Areli Rub\u00ed Miranda deja al PRD para unirse a filas de Morena"},"content":{"rendered":"\n<p>En conferencia de prensa, ayer, V\u00edctor Osmid Guerrero, diputado por el Movimiento de Regeneraci\u00f3n Nacional (Morena) en el Congreso de Hidalgo, anunci\u00f3 la adhesi\u00f3n al partido de Areli Rub\u00ed Miranda Ayala, quien integraba al Partido de la Revoluci\u00f3n&nbsp; Democr\u00e1tica (PRD), con lo que, actualmente, se suman 9 mil ex perredistas a Morena.<\/p>\n\n\n\n<p>As\u00ed mismo, Osmid Guerrero se\u00f1al\u00f3 que la decisi\u00f3n que cont\u00f3 con el respaldo del Grupo Legislativo de Morena, se discuti\u00f3 desde hace algunos meses, tras la renuncia de Miranda Ayala al PRD el pasado 7 de marzo.<\/p>\n\n\n\n<p>Adem\u00e1s, apunt\u00f3 que con estas adhesiones Morena se fortalece en la entidad, y garantiza, expres\u00f3, el triunfo en las pr\u00f3ximas elecciones municipales del 18 de octubre y en los comicios para gobernador de Hidalgo en el 2022.<\/p>\n\n\n\n<p>Al respecto, Miranda Ayala aclar\u00f3 que siempre ha acompa\u00f1ado a Andres Manuel L\u00f3pez Obrador en sus movimientos sociales, y se\u00f1al\u00f3 que la decisi\u00f3n de volverse independiente se debi\u00f3 a que existe una falta de inter\u00e9s y de comunicaci\u00f3n entre las dirigencias estatales del PRD y la nacional, y sobre todo,&nbsp; porque se restan los liderazgos de muchos municipios.<\/p>\n\n\n\n<p>Por otro lado, luego de la detenci\u00f3n de Gerardo Sosa Castel\u00e1n por crimen organizado, del Grupo Universidad (GU) vinculado a Morena dentro del Congreso de Hidalgo, Andres Caballero Cer\u00f3n, presidente del Consejo Estatal, declar\u00f3 que le corresponder\u00e1 a la dirigencia nacional decidir lo que suceder\u00e1 con las candidaturas que ya estaban asignadas al GU.<\/p>\n","protected":false},"excerpt":{"rendered":"<p>En conferencia de prensa, ayer, V\u00edctor Osmid Guerrero, diputado por el Movimiento de Regeneraci\u00f3n Nacional (Morena) en el Congreso de Hidalgo, anunci\u00f3 la adhesi\u00f3n al partido de Areli Rub\u00ed Miranda Ayala, quien integraba al Partido de la Revoluci\u00f3n&nbsp; Democr\u00e1tica (PRD), con lo que, actualmente, se suman 9 mil ex perredistas a Morena. As\u00ed mismo, Osmid [&hellip;]<\/p>\n","protected":false},"author":93,"featured_media":131232,"comment_status":"closed","ping_status":"open","sticky":false,"template":"","format":"standard","meta":{"footnotes":""},"categories":[59],"tags":[],"class_list":["post-131230","post","type-post","status-publish","format-standard","has-post-thumbnail","hentry","category-general"],"_links":{"self":[{"href":"https:\/\/plazajuarez.mx\/historico\/wp-json\/wp\/v2\/posts\/131230","targetHints":{"allow":["GET"]}}],"collection":[{"href":"https:\/\/plazajuarez.mx\/historico\/wp-json\/wp\/v2\/posts"}],"about":[{"href":"https:\/\/plazajuarez.mx\/historico\/wp-json\/wp\/v2\/types\/post"}],"author":[{"embeddable":true,"href":"https:\/\/plazajuarez.mx\/historico\/wp-json\/wp\/v2\/users\/93"}],"replies":[{"embeddable":true,"href":"https:\/\/plazajuarez.mx\/historico\/wp-json\/wp\/v2\/comments?post=131230"}],"version-history":[{"count":0,"href":"https:\/\/plazajuarez.mx\/historico\/wp-json\/wp\/v2\/posts\/131230\/revisions"}],"wp:featuredmedia":[{"embeddable":true,"href":"https:\/\/plazajuarez.mx\/historico\/wp-json\/wp\/v2\/media\/131232"}],"wp:attachment":[{"href":"https:\/\/plazajuarez.mx\/historico\/wp-json\/wp\/v2\/media?parent=131230"}],"wp:term":[{"taxonomy":"category","embeddable":true,"href":"https:\/\/plazajuarez.mx\/historico\/wp-json\/wp\/v2\/categories?post=131230"},{"taxonomy":"post_tag","embeddable":true,"href":"https:\/\/plazajuarez.mx\/historico\/wp-json\/wp\/v2\/tags?post=131230"}],"curies":[{"name":"wp","href":"https:\/\/api.w.org\/{rel}","templated":true}]}}