{"id":131224,"date":"2020-09-03T07:26:08","date_gmt":"2020-09-03T12:26:08","guid":{"rendered":"https:\/\/plazajuarez.mx\/?p=131224"},"modified":"2020-09-03T07:26:30","modified_gmt":"2020-09-03T12:26:30","slug":"piden-que-iniciativa-de-ley-de-alimentos-y-bebidas-sea-regulada","status":"publish","type":"post","link":"https:\/\/plazajuarez.mx\/historico\/piden-que-iniciativa-de-ley-de-alimentos-y-bebidas-sea-regulada\/","title":{"rendered":"Piden que iniciativa de Ley de Alimentos y Bebidas sea regulada"},"content":{"rendered":"\n<p>Tras la iniciativa de Ley de Alimentos y Bebidas presentada el 7 de julio por diputados de Morena, la Confederaci\u00f3n Patronal de la Rep\u00fablica Mexicana (Coparmex) en Hidalgo, pidi\u00f3 ser incluida en la decisi\u00f3n, para que los legisladores conozcan las afectaciones econ\u00f3micas que la propuesta tendr\u00e1 en la entidad.&nbsp;<\/p>\n\n\n\n<p>As\u00ed mismo, en conferencia de prensa, el presidente de la Coparmex, Ricardo Rivera Barqu\u00edn, aclar\u00f3 que la Coparmex no pidi\u00f3 que se prohibiera la normativa, sino m\u00e1s bien solicit\u00f3 que se regulara, ya que de lo contrario afectar\u00eda a peque\u00f1os y micro negocios, pues gran parte de sus ventas corresponden a&nbsp; alimentos y bebidas.&nbsp;&nbsp;<\/p>\n\n\n\n<p>Dentro de las proposiciones para el proyecto de Ley de Alimentos y Bebidas, la Coparmex pidi\u00f3 que exista un consejo que ayude a generar verdaderas pol\u00edticas p\u00fablicas que lleven a solucionar de ra\u00edz la problem\u00e1tica de salud alimentaria infantil.<\/p>\n\n\n\n<p>Al respecto, Reginaldo Esquer F\u00e9lix, vicepresidente de la Coparmex a nivel nacional, sostuvo que la iniciativa que se ha presentado en 31 de las 32 entidades federativas del pa\u00eds, es una estrategia para simular que se est\u00e1 generando una soluci\u00f3n al problema de obesidad infantil.<\/p>\n","protected":false},"excerpt":{"rendered":"<p>Tras la iniciativa de Ley de Alimentos y Bebidas presentada el 7 de julio por diputados de Morena, la Confederaci\u00f3n Patronal de la Rep\u00fablica Mexicana (Coparmex) en Hidalgo, pidi\u00f3 ser incluida en la decisi\u00f3n, para que los legisladores conozcan las afectaciones econ\u00f3micas que la propuesta tendr\u00e1 en la entidad.&nbsp; As\u00ed mismo, en conferencia de prensa, [&hellip;]<\/p>\n","protected":false},"author":93,"featured_media":131228,"comment_status":"closed","ping_status":"open","sticky":false,"template":"","format":"standard","meta":{"footnotes":""},"categories":[59],"tags":[],"class_list":["post-131224","post","type-post","status-publish","format-standard","has-post-thumbnail","hentry","category-general"],"_links":{"self":[{"href":"https:\/\/plazajuarez.mx\/historico\/wp-json\/wp\/v2\/posts\/131224","targetHints":{"allow":["GET"]}}],"collection":[{"href":"https:\/\/plazajuarez.mx\/historico\/wp-json\/wp\/v2\/posts"}],"about":[{"href":"https:\/\/plazajuarez.mx\/historico\/wp-json\/wp\/v2\/types\/post"}],"author":[{"embeddable":true,"href":"https:\/\/plazajuarez.mx\/historico\/wp-json\/wp\/v2\/users\/93"}],"replies":[{"embeddable":true,"href":"https:\/\/plazajuarez.mx\/historico\/wp-json\/wp\/v2\/comments?post=131224"}],"version-history":[{"count":0,"href":"https:\/\/plazajuarez.mx\/historico\/wp-json\/wp\/v2\/posts\/131224\/revisions"}],"wp:featuredmedia":[{"embeddable":true,"href":"https:\/\/plazajuarez.mx\/historico\/wp-json\/wp\/v2\/media\/131228"}],"wp:attachment":[{"href":"https:\/\/plazajuarez.mx\/historico\/wp-json\/wp\/v2\/media?parent=131224"}],"wp:term":[{"taxonomy":"category","embeddable":true,"href":"https:\/\/plazajuarez.mx\/historico\/wp-json\/wp\/v2\/categories?post=131224"},{"taxonomy":"post_tag","embeddable":true,"href":"https:\/\/plazajuarez.mx\/historico\/wp-json\/wp\/v2\/tags?post=131224"}],"curies":[{"name":"wp","href":"https:\/\/api.w.org\/{rel}","templated":true}]}}