{"id":131220,"date":"2020-09-03T07:20:27","date_gmt":"2020-09-03T12:20:27","guid":{"rendered":"https:\/\/plazajuarez.mx\/?p=131220"},"modified":"2020-09-03T07:20:45","modified_gmt":"2020-09-03T12:20:45","slug":"alfil-negro-1910","status":"publish","type":"post","link":"https:\/\/plazajuarez.mx\/historico\/alfil-negro-1910\/","title":{"rendered":"ALFIL NEGRO"},"content":{"rendered":"\n<h2 class=\"wp-block-heading\"><strong>CON EL CORAZ\u00d3N EN LA MANO<\/strong><\/h2>\n\n\n\n<p>El d\u00eda de ayer, el gobernador Omar Fayad le inform\u00f3 a la ciudadan\u00eda, en un mensaje por radio y redes sociales, de lo hecho y logrado en el cuarto a\u00f1o de su gobierno, destacando lo hecho para enfrentar la pandemia que es reconocida en todo el pa\u00eds y fuera de M\u00e9xico.<\/p>\n\n\n\n<p>Desde luego, habl\u00f3 tambi\u00e9n de lo logrado en econom\u00eda, seguridad, educaci\u00f3n, ciencia y tecnolog\u00eda, campo, vialidad y en obra p\u00fablica, que todo mundo ve, y ni modo de negarlo.<\/p>\n\n\n\n<p>Conciso y claro, tuvo un reconocimiento especial para los ciudadanos y para los m\u00e9dicos que enfrentan este virus.<\/p>\n\n\n\n<p>Pero despu\u00e9s, en un noticiero de radio, mostr\u00f3 en una pl\u00e1tica que mueve a la reflexi\u00f3n, el rostro de padre de familia, de ser humano que aprecia la vida por su valor de oportunidad para estar con los suyos, con los amigos, para cumplir con la obligaci\u00f3n que la vida da como puerta de servicio.<\/p>\n\n\n\n<p>Habl\u00f3 de lo que vivi\u00f3 cuando le diagnosticaron que estaba contagiado de Covid 19.<\/p>\n\n\n\n<p>&#8220;Le habl\u00e9 siempre con la verdad a la gente&#8221;, dijo recordando lo que anunci\u00f3 en sus redes sociales aquel 28 de marzo, cuando escribi\u00f3: &#8220;les informo que he dado positivo al examen del Covid-19, estoy ya en cuarentena en mi casa. Tanto yo, como las personas con las que he tenido contacto, estamos siguiendo los protocolos que establece la Secretar\u00eda de Salud&#8221;.<\/p>\n\n\n\n<p>Y es el proceso de la&nbsp; enfermedad, las angustias y temores que provoca por su gravedad lo que accedi\u00f3 a contar\u2026 y se\u00f1ala que es una enfermedad terrible. Sobre todo los primeros tres d\u00edas, que en su caso y pese a tener muy buena condici\u00f3n f\u00edsica y salud en general, le provoc\u00f3 temperaturas superiores a los 40 grados, e intensos dolores de cabeza.<\/p>\n\n\n\n<p>Y enseguida el temor a perder la vida\u2026 &#8220;s\u00ed, se piensa. Por ello me reun\u00ed con mi familia, esposa e hijos y les inform\u00e9 de la situaci\u00f3n y de lo que se ten\u00eda que hacer&#8230; lo mismo con mis colaboradores, para pedirles que el trabajo segu\u00eda con el Jefe del Gabinete que es el Secretario de Gobierno Sim\u00f3n Vargas&#8221;.<\/p>\n\n\n\n<p>Y enseguida, la reflexi\u00f3n de que despu\u00e9s de la enfermedad cambian las actitudes ante familia, amigos y ciudadan\u00eda, porque mantener la vida se ve como la gran oportunidad de seguir sirviendo.<\/p>\n\n\n\n<p>Escuchar al gobernador compartiendo estas reflexiones, con el coraz\u00f3n en la mano, seguramente se convierte en el mejor llamado a la responsabilidad para enfrentar con seriedad la pandemia.<\/p>\n\n\n\n<p>Rara vez un pol\u00edtico habla de estas cosas, pero cuando lo hacen como Fayad, se siente m\u00e1s cerca y caminado con todos.&nbsp;<\/p>\n","protected":false},"excerpt":{"rendered":"<p>CON EL CORAZ\u00d3N EN LA MANO El d\u00eda de ayer, el gobernador Omar Fayad le inform\u00f3 a la ciudadan\u00eda, en un mensaje por radio y redes sociales, de lo hecho y logrado en el cuarto a\u00f1o de su gobierno, destacando lo hecho para enfrentar la pandemia que es reconocida en todo el pa\u00eds y fuera [&hellip;]<\/p>\n","protected":false},"author":83,"featured_media":0,"comment_status":"closed","ping_status":"open","sticky":false,"template":"","format":"standard","meta":{"footnotes":""},"categories":[48,42],"tags":[],"class_list":["post-131220","post","type-post","status-publish","format-standard","hentry","category-adalberto-peralta","category-nuestrapalabra"],"_links":{"self":[{"href":"https:\/\/plazajuarez.mx\/historico\/wp-json\/wp\/v2\/posts\/131220","targetHints":{"allow":["GET"]}}],"collection":[{"href":"https:\/\/plazajuarez.mx\/historico\/wp-json\/wp\/v2\/posts"}],"about":[{"href":"https:\/\/plazajuarez.mx\/historico\/wp-json\/wp\/v2\/types\/post"}],"author":[{"embeddable":true,"href":"https:\/\/plazajuarez.mx\/historico\/wp-json\/wp\/v2\/users\/83"}],"replies":[{"embeddable":true,"href":"https:\/\/plazajuarez.mx\/historico\/wp-json\/wp\/v2\/comments?post=131220"}],"version-history":[{"count":0,"href":"https:\/\/plazajuarez.mx\/historico\/wp-json\/wp\/v2\/posts\/131220\/revisions"}],"wp:attachment":[{"href":"https:\/\/plazajuarez.mx\/historico\/wp-json\/wp\/v2\/media?parent=131220"}],"wp:term":[{"taxonomy":"category","embeddable":true,"href":"https:\/\/plazajuarez.mx\/historico\/wp-json\/wp\/v2\/categories?post=131220"},{"taxonomy":"post_tag","embeddable":true,"href":"https:\/\/plazajuarez.mx\/historico\/wp-json\/wp\/v2\/tags?post=131220"}],"curies":[{"name":"wp","href":"https:\/\/api.w.org\/{rel}","templated":true}]}}