{"id":131204,"date":"2020-09-02T17:22:07","date_gmt":"2020-09-02T22:22:07","guid":{"rendered":"https:\/\/plazajuarez.mx\/?p=131204"},"modified":"2020-09-02T17:24:18","modified_gmt":"2020-09-02T22:24:18","slug":"fallece-la-vedette-y-actriz-wanda-seux-a-los-72-anos","status":"publish","type":"post","link":"https:\/\/plazajuarez.mx\/historico\/fallece-la-vedette-y-actriz-wanda-seux-a-los-72-anos\/","title":{"rendered":"Fallece la vedette y actriz Wanda Seux a los 72 a\u00f1os"},"content":{"rendered":"\n<p>La vedette y actriz Wanda Seux muri\u00f3 a los 72 a\u00f1os de edad, dicha noticia pone una vez m\u00e1s en luto al mundo del espect\u00e1culo y en particular al de las ficheras en el cine nacional.<\/p>\n\n\n\n<p>La\u00a0bailarina y actriz mexicana de origen paraguayo falleci\u00f3 este mi\u00e9rcoles a las 14:50 horas en la Casa del Actor, de condiciones propias de las enfermedades que ten\u00eda, asegur\u00f3 a El Universal una fuente de dicha instituci\u00f3n.<\/p>\n\n\n\n<p>&#8220;Su fallecimiento fue tranquilo y sin dolor&#8221;.<\/p>\n\n\n\n<p>Aunque todav\u00eda se desconoce los motivos de su muerte, Wanda desde hace mucho tiempo se encontraba enferma, hay que recordar que el a\u00f1o pasado, en el mes de octubre sufri\u00f3 un infarto cerebral que la mantuvo al borde de la muerte, y que le afecto en diversas partes de su cuerpo, sin embargo, se repuso y regres\u00f3 a la Casa del Actor donde viv\u00eda.<\/p>\n\n\n\n<p>Amigas de la vedette, quien compartieran la cinta &#8220;Bellas de noche&#8221; como Lyn May ya reaccionaron.<\/p>\n\n\n\n<p>&#8220;Estoy muy preocupada, consternada porque quiere decir que ya nos estamos muriendo todos&#8221;, asegur\u00f3<\/p>\n","protected":false},"excerpt":{"rendered":"<p>La vedette y actriz Wanda Seux muri\u00f3 a los 72 a\u00f1os de edad, dicha noticia pone una vez m\u00e1s en luto al mundo del espect\u00e1culo y en particular al de las ficheras en el cine nacional. La\u00a0bailarina y actriz mexicana de origen paraguayo falleci\u00f3 este mi\u00e9rcoles a las 14:50 horas en la Casa del Actor, [&hellip;]<\/p>\n","protected":false},"author":81,"featured_media":131205,"comment_status":"closed","ping_status":"open","sticky":false,"template":"","format":"standard","meta":{"footnotes":""},"categories":[15,38],"tags":[],"class_list":["post-131204","post","type-post","status-publish","format-standard","has-post-thumbnail","hentry","category-destacadas","category-show"],"_links":{"self":[{"href":"https:\/\/plazajuarez.mx\/historico\/wp-json\/wp\/v2\/posts\/131204","targetHints":{"allow":["GET"]}}],"collection":[{"href":"https:\/\/plazajuarez.mx\/historico\/wp-json\/wp\/v2\/posts"}],"about":[{"href":"https:\/\/plazajuarez.mx\/historico\/wp-json\/wp\/v2\/types\/post"}],"author":[{"embeddable":true,"href":"https:\/\/plazajuarez.mx\/historico\/wp-json\/wp\/v2\/users\/81"}],"replies":[{"embeddable":true,"href":"https:\/\/plazajuarez.mx\/historico\/wp-json\/wp\/v2\/comments?post=131204"}],"version-history":[{"count":0,"href":"https:\/\/plazajuarez.mx\/historico\/wp-json\/wp\/v2\/posts\/131204\/revisions"}],"wp:featuredmedia":[{"embeddable":true,"href":"https:\/\/plazajuarez.mx\/historico\/wp-json\/wp\/v2\/media\/131205"}],"wp:attachment":[{"href":"https:\/\/plazajuarez.mx\/historico\/wp-json\/wp\/v2\/media?parent=131204"}],"wp:term":[{"taxonomy":"category","embeddable":true,"href":"https:\/\/plazajuarez.mx\/historico\/wp-json\/wp\/v2\/categories?post=131204"},{"taxonomy":"post_tag","embeddable":true,"href":"https:\/\/plazajuarez.mx\/historico\/wp-json\/wp\/v2\/tags?post=131204"}],"curies":[{"name":"wp","href":"https:\/\/api.w.org\/{rel}","templated":true}]}}