{"id":131185,"date":"2020-09-02T11:45:12","date_gmt":"2020-09-02T16:45:12","guid":{"rendered":"https:\/\/plazajuarez.mx\/?p=131185"},"modified":"2020-09-02T11:45:30","modified_gmt":"2020-09-02T16:45:30","slug":"preve-mexico-un-nuevo-record-con-mas-de-40-000-homicidios-en-2020","status":"publish","type":"post","link":"https:\/\/plazajuarez.mx\/historico\/preve-mexico-un-nuevo-record-con-mas-de-40-000-homicidios-en-2020\/","title":{"rendered":"Prev\u00e9 M\u00e9xico un nuevo r\u00e9cord con m\u00e1s de 40.000 homicidios en 2020"},"content":{"rendered":"\n<p>El Gobierno de M\u00e9xico prev\u00e9 en 2020 un nuevo r\u00e9cord de homicidios dolosos registrados, con una proyecci\u00f3n de 40.863 asesinatos pese a la reducci\u00f3n de la movilidad ocasionada por la pandemia de la COVID-19.<\/p>\n\n\n\n<p>Esa es la cifra que aparece en el informe de Gobierno del segundo a\u00f1o de mandato del presidente Andr\u00e9s Manuel L\u00f3pez Obrador, superior al r\u00e9cord reportado en 2019, cuando hubo 37.315 homicidios dolosos seg\u00fan el mismo documento.<\/p>\n\n\n\n<p>Estos datos corresponden al &#8220;n\u00famero de agresiones registradas por su presunci\u00f3n (homicidio) en el certificado de defunci\u00f3n&#8221;, y difieren de los datos elaborados por el Secretariado Ejecutivo del Sistema Nacional de Seguridad (SENSP) de 2019, que recog\u00edan 34.608 homicidios y 1.012 feminicidios durante el a\u00f1o pasado.<\/p>\n\n\n\n<p>El propio SENSP reconoce tambi\u00e9n una tendencia al alza en los asesinatos durante 2020: de enero a julio sus registros recogieron 20.494 homicidios frente a los 20.176 de 2019.<\/p>\n\n\n\n<p>L\u00f3pez Obrador, tras la pol\u00e9mica generada por una proyecci\u00f3n de r\u00e9cord en su segundo a\u00f1o de mandato, reconoci\u00f3 este mi\u00e9rcoles que el tal\u00f3n de aquiles de su administraci\u00f3n en materia de seguridad est\u00e1n siendo los homicidios y la extorsi\u00f3n.<\/p>\n\n\n\n<p>&#8220;Hemos avanzado en detener el crecimiento de la incidencia delictiva en casi todos los delitos, menos en dos: en extorsi\u00f3n y homicidios dolosos&#8221;, concedi\u00f3.<\/p>\n\n\n\n<p>El mandatario mexicano atribuy\u00f3 &#8220;del orden del 75 % de todos los homicidios del pa\u00eds&#8221; al crimen organizado, en un momento en el que hay al menos 10 bandas pugnando por los diferentes territorios del pa\u00eds.<\/p>\n\n\n\n<p>&#8220;\u00bfPor qu\u00e9 nos ha costado reducir el n\u00famero de homicidios? Porque tiene que ver mucho con la delincuencia organizada y constantemente hay confrontaci\u00f3n, enfrentamientos entre grupos. Eso nos aumenta el n\u00famero de homicidios&#8221;, indic\u00f3.<\/p>\n\n\n\n<p>L\u00f3pez Obrador record\u00f3 que su Gobierno hered\u00f3 la existencia de &#8220;grupos con estructuras&#8221;, aunque asever\u00f3 que eso no es &#8220;ning\u00fan tipo de justificaci\u00f3n&#8221;.<\/p>\n\n\n\n<p>El pasado mes de julio, las autoridades detuvieron en Guanajuato, el estado con mayor n\u00famero de homicidios, al l\u00edder del Cartel Santa Rosa de Lima, Jos\u00e9 Antonio Y\u00e9pez Ortiz, conocido como El Marro.<\/p>\n\n\n\n<p>Esa detenci\u00f3n, como reconoci\u00f3 el presidente este mi\u00e9rcoles, no acab\u00f3 con la violencia en el estado y &#8220;sigue habiendo problemas&#8221;.<\/p>\n\n\n\n<p>En julio, mes del arresto de El Marro, hubo un alza de los asesinatos a nivel federal, con 2.980 casos, un dato pese al que L\u00f3pez Obrador se mantiene optimista.<\/p>\n\n\n\n<p>&#8220;Tengo confianza de que vamos a serenar al pa\u00eds, se va a disminuir la incidencia delictiva, porque ya no hay contubernio. No hay asociaci\u00f3n delictuosa entre la delincuencia organizada y las autoridades. Est\u00e1 bien pintada la raya&#8221;, mantuvo.<\/p>\n","protected":false},"excerpt":{"rendered":"<p>El Gobierno de M\u00e9xico prev\u00e9 en 2020 un nuevo r\u00e9cord de homicidios dolosos registrados, con una proyecci\u00f3n de 40.863 asesinatos pese a la reducci\u00f3n de la movilidad ocasionada por la pandemia de la COVID-19. Esa es la cifra que aparece en el informe de Gobierno del segundo a\u00f1o de mandato del presidente Andr\u00e9s Manuel L\u00f3pez [&hellip;]<\/p>\n","protected":false},"author":80,"featured_media":131186,"comment_status":"closed","ping_status":"open","sticky":false,"template":"","format":"standard","meta":{"footnotes":""},"categories":[37,15],"tags":[],"class_list":["post-131185","post","type-post","status-publish","format-standard","has-post-thumbnail","hentry","category-barandilla","category-destacadas"],"_links":{"self":[{"href":"https:\/\/plazajuarez.mx\/historico\/wp-json\/wp\/v2\/posts\/131185","targetHints":{"allow":["GET"]}}],"collection":[{"href":"https:\/\/plazajuarez.mx\/historico\/wp-json\/wp\/v2\/posts"}],"about":[{"href":"https:\/\/plazajuarez.mx\/historico\/wp-json\/wp\/v2\/types\/post"}],"author":[{"embeddable":true,"href":"https:\/\/plazajuarez.mx\/historico\/wp-json\/wp\/v2\/users\/80"}],"replies":[{"embeddable":true,"href":"https:\/\/plazajuarez.mx\/historico\/wp-json\/wp\/v2\/comments?post=131185"}],"version-history":[{"count":0,"href":"https:\/\/plazajuarez.mx\/historico\/wp-json\/wp\/v2\/posts\/131185\/revisions"}],"wp:featuredmedia":[{"embeddable":true,"href":"https:\/\/plazajuarez.mx\/historico\/wp-json\/wp\/v2\/media\/131186"}],"wp:attachment":[{"href":"https:\/\/plazajuarez.mx\/historico\/wp-json\/wp\/v2\/media?parent=131185"}],"wp:term":[{"taxonomy":"category","embeddable":true,"href":"https:\/\/plazajuarez.mx\/historico\/wp-json\/wp\/v2\/categories?post=131185"},{"taxonomy":"post_tag","embeddable":true,"href":"https:\/\/plazajuarez.mx\/historico\/wp-json\/wp\/v2\/tags?post=131185"}],"curies":[{"name":"wp","href":"https:\/\/api.w.org\/{rel}","templated":true}]}}