{"id":131034,"date":"2020-09-02T10:01:58","date_gmt":"2020-09-02T15:01:58","guid":{"rendered":"https:\/\/plazajuarez.mx\/?p=131034"},"modified":"2020-09-02T10:01:58","modified_gmt":"2020-09-02T15:01:58","slug":"bose-cerro-sus-cuentas-voluntariamente","status":"publish","type":"post","link":"https:\/\/plazajuarez.mx\/historico\/bose-cerro-sus-cuentas-voluntariamente\/","title":{"rendered":"Bos\u00e9 cerr\u00f3 sus cuentas voluntariamente"},"content":{"rendered":"\n<p>El artista espa\u00f1ol, Miguel Bos\u00e9, inform\u00f3 a trav\u00e9s de la agencia que lo representa, Ocesa Seitrack, que su reciente desaparici\u00f3n de las redes sociales fue por voluntad propia, despu\u00e9s de las especulaciones sobre una supuesta expulsi\u00f3n por parte de esas plataformas.<\/p>\n\n\n\n<p>&#8220;Ante las informaciones aparecidas en diversos medios de comunicaci\u00f3n relativas a su baja en determinadas redes sociales, en nombre de nuestro representado, Don Miguel Bos\u00e9 Domingu\u00edn, queremos precisar, de manera excepcional y de una vez y por todas, que el artista ha decidido voluntariamente darse de baja en dichas redes sociales&#8221;, se expres\u00f3 en un comunicado.<\/p>\n\n\n\n<p>Despu\u00e9s de la introducci\u00f3n a\u00f1adieron los motivos personales por los que el cantante de &#8220;Coraz\u00f3n bandido&#8221; tom\u00f3 la decisi\u00f3n.<\/p>\n\n\n\n<p>En el documento se recalca que la decisi\u00f3n del cantante de darse de baja por completo de todas las redes sociales se debe a motivos personales.<\/p>\n\n\n\n<p>&#8220;No considera que en la actualidad dichas redes sean plurales y objetivas. No permiten la libre expresi\u00f3n y sujetan a los usuarios a sus criterios e intereses empresariales y pol\u00edticos. Ejercen la censura y el control de la informaci\u00f3n y los contenidos. No encuentra equilibradas las prestaciones que ofrecen a los usuarios y las obligaciones a que les someten&#8221;, se lee.<\/p>\n\n\n\n<p>Asimismo, detallaron que Bos\u00e9 no considera que &#8220;merezca la pena mantenerse presente, al menos en el momento actual&#8221;, en redes sociales, ya que hay usuarios ficticios y otros que act\u00faan bajo intereses de terceros, &#8220;quebrando el sano debate\u201d<\/p>\n\n\n\n<p>&#8220;El artista no ha sido expulsado de ninguna red social. Ha sido decisi\u00f3n suya no aceptar las condiciones que las rigen y dejar de pertenecer a las mismas&#8221;, terminaron sus representantes.<\/p>\n","protected":false},"excerpt":{"rendered":"<p>El artista espa\u00f1ol, Miguel Bos\u00e9, inform\u00f3 a trav\u00e9s de la agencia que lo representa, Ocesa Seitrack, que su reciente desaparici\u00f3n de las redes sociales fue por voluntad propia, despu\u00e9s de las especulaciones sobre una supuesta expulsi\u00f3n por parte de esas plataformas. &#8220;Ante las informaciones aparecidas en diversos medios de comunicaci\u00f3n relativas a su baja en [&hellip;]<\/p>\n","protected":false},"author":80,"featured_media":131146,"comment_status":"closed","ping_status":"open","sticky":false,"template":"","format":"standard","meta":{"footnotes":""},"categories":[38],"tags":[],"class_list":["post-131034","post","type-post","status-publish","format-standard","has-post-thumbnail","hentry","category-show"],"_links":{"self":[{"href":"https:\/\/plazajuarez.mx\/historico\/wp-json\/wp\/v2\/posts\/131034","targetHints":{"allow":["GET"]}}],"collection":[{"href":"https:\/\/plazajuarez.mx\/historico\/wp-json\/wp\/v2\/posts"}],"about":[{"href":"https:\/\/plazajuarez.mx\/historico\/wp-json\/wp\/v2\/types\/post"}],"author":[{"embeddable":true,"href":"https:\/\/plazajuarez.mx\/historico\/wp-json\/wp\/v2\/users\/80"}],"replies":[{"embeddable":true,"href":"https:\/\/plazajuarez.mx\/historico\/wp-json\/wp\/v2\/comments?post=131034"}],"version-history":[{"count":0,"href":"https:\/\/plazajuarez.mx\/historico\/wp-json\/wp\/v2\/posts\/131034\/revisions"}],"wp:featuredmedia":[{"embeddable":true,"href":"https:\/\/plazajuarez.mx\/historico\/wp-json\/wp\/v2\/media\/131146"}],"wp:attachment":[{"href":"https:\/\/plazajuarez.mx\/historico\/wp-json\/wp\/v2\/media?parent=131034"}],"wp:term":[{"taxonomy":"category","embeddable":true,"href":"https:\/\/plazajuarez.mx\/historico\/wp-json\/wp\/v2\/categories?post=131034"},{"taxonomy":"post_tag","embeddable":true,"href":"https:\/\/plazajuarez.mx\/historico\/wp-json\/wp\/v2\/tags?post=131034"}],"curies":[{"name":"wp","href":"https:\/\/api.w.org\/{rel}","templated":true}]}}