{"id":131033,"date":"2020-09-02T10:00:46","date_gmt":"2020-09-02T15:00:46","guid":{"rendered":"https:\/\/plazajuarez.mx\/?p=131033"},"modified":"2020-09-02T10:00:46","modified_gmt":"2020-09-02T15:00:46","slug":"nacio-la-hija-de-ed-sheeran-y-cherry-seaborn","status":"publish","type":"post","link":"https:\/\/plazajuarez.mx\/historico\/nacio-la-hija-de-ed-sheeran-y-cherry-seaborn\/","title":{"rendered":"Naci\u00f3 la hija de Ed Sheeran y Cherry Seaborn"},"content":{"rendered":"\n<p>El m\u00fasico Ed Sheeran y su esposa, Cherry Seaborn, anunciaron ayer el nacimiento de su primera hija, Lyra Antarctica Seaborn Sheeran.<\/p>\n\n\n\n<p>El cantante, que ha estado alejado de los escenarios durante este a\u00f1o, detall\u00f3 que su mujer dio a luz la semana pasada a una ni\u00f1a &#8220;bella y sana&#8221;.<\/p>\n\n\n\n<p>&#8220;Estamos enamorados de ella&#8221;, afirm\u00f3 en la red social Instagram el autor del \u00e1lbum &#8220;+&#8221; (2011), que asegur\u00f3 que &#8220;tanto la madre como el beb\u00e9 est\u00e1n estupendas&#8221; y que toda la familia se siente &#8220;en el s\u00e9ptimo cielo&#8221;.<\/p>\n\n\n\n<p>Aprovech\u00f3 la ocasi\u00f3n para reclamar que se respete su privacidad en estos momentos. &#8220;Mucho amor, nos vemos cuando sea el momento de regresar&#8221;, se\u00f1al\u00f3.<\/p>\n\n\n\n<p>Esta era la primera publicaci\u00f3n en Instagram de Sheeran desde diciembre, cuando anunci\u00f3 que se tomaba un descanso de sus actuaciones en directo para &#8220;viajar, escribir y leer&#8221;.<\/p>\n\n\n\n<p>&#8220;Prometo volver con nueva m\u00fasica cuando sea el momento adecuado&#8221;, agreg\u00f3.<\/p>\n","protected":false},"excerpt":{"rendered":"<p>El m\u00fasico Ed Sheeran y su esposa, Cherry Seaborn, anunciaron ayer el nacimiento de su primera hija, Lyra Antarctica Seaborn Sheeran. El cantante, que ha estado alejado de los escenarios durante este a\u00f1o, detall\u00f3 que su mujer dio a luz la semana pasada a una ni\u00f1a &#8220;bella y sana&#8221;. &#8220;Estamos enamorados de ella&#8221;, afirm\u00f3 en [&hellip;]<\/p>\n","protected":false},"author":80,"featured_media":131147,"comment_status":"closed","ping_status":"open","sticky":false,"template":"","format":"standard","meta":{"footnotes":""},"categories":[38],"tags":[],"class_list":["post-131033","post","type-post","status-publish","format-standard","has-post-thumbnail","hentry","category-show"],"_links":{"self":[{"href":"https:\/\/plazajuarez.mx\/historico\/wp-json\/wp\/v2\/posts\/131033","targetHints":{"allow":["GET"]}}],"collection":[{"href":"https:\/\/plazajuarez.mx\/historico\/wp-json\/wp\/v2\/posts"}],"about":[{"href":"https:\/\/plazajuarez.mx\/historico\/wp-json\/wp\/v2\/types\/post"}],"author":[{"embeddable":true,"href":"https:\/\/plazajuarez.mx\/historico\/wp-json\/wp\/v2\/users\/80"}],"replies":[{"embeddable":true,"href":"https:\/\/plazajuarez.mx\/historico\/wp-json\/wp\/v2\/comments?post=131033"}],"version-history":[{"count":0,"href":"https:\/\/plazajuarez.mx\/historico\/wp-json\/wp\/v2\/posts\/131033\/revisions"}],"wp:featuredmedia":[{"embeddable":true,"href":"https:\/\/plazajuarez.mx\/historico\/wp-json\/wp\/v2\/media\/131147"}],"wp:attachment":[{"href":"https:\/\/plazajuarez.mx\/historico\/wp-json\/wp\/v2\/media?parent=131033"}],"wp:term":[{"taxonomy":"category","embeddable":true,"href":"https:\/\/plazajuarez.mx\/historico\/wp-json\/wp\/v2\/categories?post=131033"},{"taxonomy":"post_tag","embeddable":true,"href":"https:\/\/plazajuarez.mx\/historico\/wp-json\/wp\/v2\/tags?post=131033"}],"curies":[{"name":"wp","href":"https:\/\/api.w.org\/{rel}","templated":true}]}}