{"id":130922,"date":"2020-08-31T17:35:32","date_gmt":"2020-08-31T22:35:32","guid":{"rendered":"https:\/\/plazajuarez.mx\/?p=130922"},"modified":"2020-08-31T17:35:46","modified_gmt":"2020-08-31T22:35:46","slug":"senado-mexicano-elige-como-presidente-al-oficialista-eduardo-ramirez","status":"publish","type":"post","link":"https:\/\/plazajuarez.mx\/historico\/senado-mexicano-elige-como-presidente-al-oficialista-eduardo-ramirez\/","title":{"rendered":"Senado mexicano elige como presidente al oficialista Eduardo Ram\u00edrez"},"content":{"rendered":"\n<p>El Senado mexicano eligi\u00f3 como presidente para el tercer a\u00f1o de la legislatura al senador Eduardo Ram\u00edrez, del oficialista Movimiento Regeneraci\u00f3n Nacional (Morena), en sustituci\u00f3n de M\u00f3nica Fern\u00e1ndez, del mismo partido.<\/p>\n\n\n\n<p>Con 101 votos a favor y 12 para otros candidatos, los senadores eligieron a Ram\u00edrez y al resto de la mesa directiva del Senado, que ejercer\u00e1 hasta las elecciones del pr\u00f3ximo a\u00f1o.<\/p>\n\n\n\n<p>Morena, partido fundado por el actual presidente de M\u00e9xico, Andr\u00e9s Manuel L\u00f3pez Obrador y que controla la mayor\u00eda en el Senado, fue la formaci\u00f3n que propuso a Ram\u00edrez.<\/p>\n\n\n\n<p>&#8220;En mi desempe\u00f1o facilitar\u00e9 el trabajo legislativo y promover\u00e9 el di\u00e1logo. El derecho a disentir, la pluralidad y las decisiones de la mayor\u00eda ser\u00e1n el eje conductor de los debates&#8221;, anunci\u00f3 el nuevo l\u00edder del Senado tras ser nombrado en una sesi\u00f3n en que los legisladores estuvieron separados por mamparas por la pandemia.<\/p>\n\n\n\n<p>Asimismo, Ram\u00edrez dijo que la c\u00e1mara alta debe &#8220;redoblar esfuerzos&#8221; y &#8220;no puede ni debe parar&#8221; a pesar de la crisis de COVID-19, que lleva m\u00e1s de 64.000 muertos en el pa\u00eds y se acerca a los 600.000 enfermos.<\/p>\n\n\n\n<p>Antes de ser de Morena, Eduardo Ram\u00edrez fue miembro del Partido Verde Ecologista de M\u00e9xico y secretario del Gobierno de Chiapas entre 2013 y 2015 bajo el mandato del gobernador Manuel Velasco.<\/p>\n\n\n\n<p>En los \u00faltimos d\u00edas se ha difundido en redes sociales una fotograf\u00eda en la que aparece Ram\u00edrez en una mesa junto a otras personas entre las que est\u00e1n el hermano de L\u00f3pez Obrador, P\u00edo L\u00f3pez Obrador, y el exfuncionario David Le\u00f3n.<\/p>\n\n\n\n<p>Estos \u00faltimos han protagonizado un esc\u00e1ndalo reciente por unos v\u00eddeos de 2015 en los que aparece Le\u00f3n entregando sobres de dinero a P\u00edo L\u00f3pez Obrador.<\/p>\n\n\n\n<p>El presidente Andr\u00e9s Manuel L\u00f3pez Obrador justific\u00f3 que eran aportaciones voluntarias para su partido, mientras que la oposici\u00f3n ha presentado denuncias para que se aclare el origen de ese dinero.<\/p>\n\n\n\n<p>En la C\u00e1mara de Diputados tambi\u00e9n debe elegirse este mi\u00e9rcoles al nuevo presidente para el nuevo curso, cargo para el cual existe una disputa entre el Partido Revolucionario Institucional (PRI) y el Partido del Trabajo (PT).<\/p>\n\n\n\n<p>El 6 de junio del pr\u00f3ximo a\u00f1o se renovar\u00e1n ambas c\u00e1maras en unas elecciones en las que est\u00e1 en juego la mayor\u00eda parlamentaria que apoya al Gobierno de L\u00f3pez Obrador.<\/p>\n","protected":false},"excerpt":{"rendered":"<p>El Senado mexicano eligi\u00f3 como presidente para el tercer a\u00f1o de la legislatura al senador Eduardo Ram\u00edrez, del oficialista Movimiento Regeneraci\u00f3n Nacional (Morena), en sustituci\u00f3n de M\u00f3nica Fern\u00e1ndez, del mismo partido. Con 101 votos a favor y 12 para otros candidatos, los senadores eligieron a Ram\u00edrez y al resto de la mesa directiva del Senado, [&hellip;]<\/p>\n","protected":false},"author":80,"featured_media":0,"comment_status":"closed","ping_status":"open","sticky":false,"template":"","format":"standard","meta":{"footnotes":""},"categories":[63],"tags":[],"class_list":["post-130922","post","type-post","status-publish","format-standard","hentry","category-las-camaras"],"_links":{"self":[{"href":"https:\/\/plazajuarez.mx\/historico\/wp-json\/wp\/v2\/posts\/130922","targetHints":{"allow":["GET"]}}],"collection":[{"href":"https:\/\/plazajuarez.mx\/historico\/wp-json\/wp\/v2\/posts"}],"about":[{"href":"https:\/\/plazajuarez.mx\/historico\/wp-json\/wp\/v2\/types\/post"}],"author":[{"embeddable":true,"href":"https:\/\/plazajuarez.mx\/historico\/wp-json\/wp\/v2\/users\/80"}],"replies":[{"embeddable":true,"href":"https:\/\/plazajuarez.mx\/historico\/wp-json\/wp\/v2\/comments?post=130922"}],"version-history":[{"count":0,"href":"https:\/\/plazajuarez.mx\/historico\/wp-json\/wp\/v2\/posts\/130922\/revisions"}],"wp:attachment":[{"href":"https:\/\/plazajuarez.mx\/historico\/wp-json\/wp\/v2\/media?parent=130922"}],"wp:term":[{"taxonomy":"category","embeddable":true,"href":"https:\/\/plazajuarez.mx\/historico\/wp-json\/wp\/v2\/categories?post=130922"},{"taxonomy":"post_tag","embeddable":true,"href":"https:\/\/plazajuarez.mx\/historico\/wp-json\/wp\/v2\/tags?post=130922"}],"curies":[{"name":"wp","href":"https:\/\/api.w.org\/{rel}","templated":true}]}}