{"id":130919,"date":"2020-08-31T17:23:40","date_gmt":"2020-08-31T22:23:40","guid":{"rendered":"https:\/\/plazajuarez.mx\/?p=130919"},"modified":"2020-08-31T17:23:55","modified_gmt":"2020-08-31T22:23:55","slug":"dimite-el-ministro-mexicano-de-medio-ambiente-tras-criticar-al-gobierno","status":"publish","type":"post","link":"https:\/\/plazajuarez.mx\/historico\/dimite-el-ministro-mexicano-de-medio-ambiente-tras-criticar-al-gobierno\/","title":{"rendered":"Dimite el ministro mexicano de Medio Ambiente tras criticar al Gobierno"},"content":{"rendered":"\n<p>El secretario de Medio Ambiente y Recursos Naturales de M\u00e9xico, V\u00edctor Manuel Toledo, present\u00f3 este lunes su dimisi\u00f3n tras haber criticado a principios de mes las &#8220;contradicciones&#8221; y &#8220;luchas de poder&#8221; dentro del Gobierno de Andr\u00e9s Manuel L\u00f3pez Obrador.<\/p>\n\n\n\n<p>Medios locales informaron que la renuncia de Toledo se debe a problemas de salud y que ser\u00e1 sustituido por la actual secretaria de Bienestar, Mar\u00eda Luisa Albores.<\/p>\n\n\n\n<p>Es la cuarta renuncia en el gabinete de L\u00f3pez Obrador, quien asumi\u00f3 el poder en diciembre de 2018.<\/p>\n\n\n\n<p>Toledo no hab\u00eda protagonizado ninguna aparici\u00f3n p\u00fablica desde que el 5 de agosto pasado se filtr\u00f3 a medios un audio de origen desconocido en el que arremet\u00eda contra la 4T, concepto con el que se conoce al gobierno de L\u00f3pez Obrador, quien dice llevar a cabo la &#8220;cuarta transformaci\u00f3n&#8221; de M\u00e9xico tras la independencia, las reformas liberales y la revoluci\u00f3n.<\/p>\n\n\n\n<p>&#8220;La 4T como tal, como un conjunto claro y acabado de objetivos, no existe, no existe. Por el contrario, este Gobierno de la 4T est\u00e1 lleno de contradicciones y estas se expresan concretamente en luchas de poder al interior del gabinete que yo lo he notado en varias l\u00edneas&#8221;, expres\u00f3 Toledo.<\/p>\n\n\n\n<p>Tambi\u00e9n reproch\u00f3 que L\u00f3pez Obrador, el jefe de Gabinete, Alfonso Romo, y varios ministros &#8220;est\u00e1n en contra&#8221; de la agenda ecol\u00f3gica que intenta impulsar la Secretar\u00eda de Medio Ambiente.<\/p>\n\n\n\n<p>Tras estas palabras, el presidente evit\u00f3 pedir su renuncia y dijo que es &#8220;normal&#8221; que haya diferencias dentro de un Gobierno.<\/p>\n\n\n\n<p>&#8220;En el gabinete nuestro hay libertad, hay discrepancias y no hay pensamiento \u00fanico. Se da la libertad para que todos opinen&#8221;, expres\u00f3 L\u00f3pez Obrador.<\/p>\n\n\n\n<p>El mes pasado dimiti\u00f3 el secretario de Comunicaciones y Transportes Javier Jim\u00e9nez Espri\u00fa quien se opuso a la militarizaci\u00f3n de los puertos y aduanas del pa\u00eds ordenada por L\u00f3pez Obrador.<\/p>\n\n\n\n<p>Mientras que el a\u00f1o pasado renunciaron el secretario de Hacienda Carlos Urz\u00faa por discrepancias con el programa econ\u00f3mico del mandatario, y la anterior secretaria de Medio Ambiente Josefina Gonz\u00e1lez-Blanco por protagonizar un esc\u00e1ndalo al ordenar el retraso de un vuelo comercial para poder llegar a tiempo al aeropuerto.<\/p>\n","protected":false},"excerpt":{"rendered":"<p>El secretario de Medio Ambiente y Recursos Naturales de M\u00e9xico, V\u00edctor Manuel Toledo, present\u00f3 este lunes su dimisi\u00f3n tras haber criticado a principios de mes las &#8220;contradicciones&#8221; y &#8220;luchas de poder&#8221; dentro del Gobierno de Andr\u00e9s Manuel L\u00f3pez Obrador. Medios locales informaron que la renuncia de Toledo se debe a problemas de salud y que [&hellip;]<\/p>\n","protected":false},"author":80,"featured_media":0,"comment_status":"closed","ping_status":"open","sticky":false,"template":"","format":"standard","meta":{"footnotes":""},"categories":[15,36],"tags":[],"class_list":["post-130919","post","type-post","status-publish","format-standard","hentry","category-destacadas","category-nacion"],"_links":{"self":[{"href":"https:\/\/plazajuarez.mx\/historico\/wp-json\/wp\/v2\/posts\/130919","targetHints":{"allow":["GET"]}}],"collection":[{"href":"https:\/\/plazajuarez.mx\/historico\/wp-json\/wp\/v2\/posts"}],"about":[{"href":"https:\/\/plazajuarez.mx\/historico\/wp-json\/wp\/v2\/types\/post"}],"author":[{"embeddable":true,"href":"https:\/\/plazajuarez.mx\/historico\/wp-json\/wp\/v2\/users\/80"}],"replies":[{"embeddable":true,"href":"https:\/\/plazajuarez.mx\/historico\/wp-json\/wp\/v2\/comments?post=130919"}],"version-history":[{"count":0,"href":"https:\/\/plazajuarez.mx\/historico\/wp-json\/wp\/v2\/posts\/130919\/revisions"}],"wp:attachment":[{"href":"https:\/\/plazajuarez.mx\/historico\/wp-json\/wp\/v2\/media?parent=130919"}],"wp:term":[{"taxonomy":"category","embeddable":true,"href":"https:\/\/plazajuarez.mx\/historico\/wp-json\/wp\/v2\/categories?post=130919"},{"taxonomy":"post_tag","embeddable":true,"href":"https:\/\/plazajuarez.mx\/historico\/wp-json\/wp\/v2\/tags?post=130919"}],"curies":[{"name":"wp","href":"https:\/\/api.w.org\/{rel}","templated":true}]}}