{"id":130795,"date":"2020-08-31T07:03:06","date_gmt":"2020-08-31T12:03:06","guid":{"rendered":"https:\/\/plazajuarez.mx\/?p=130795"},"modified":"2020-08-31T07:03:19","modified_gmt":"2020-08-31T12:03:19","slug":"alfil-negro-1907","status":"publish","type":"post","link":"https:\/\/plazajuarez.mx\/historico\/alfil-negro-1907\/","title":{"rendered":"ALFIL NEGRO"},"content":{"rendered":"\n<h2 class=\"wp-block-heading\"><strong>SEPTIEMBRE UN MES ESPECIAL<\/strong><\/h2>\n\n\n\n<!--more-->\n\n\n\n<p>Ma\u00f1ana inicia septiembre, un mes muy especial en la vida de nuestro estado, que encierra el informe del Presidente y del gobernador Omar Fayad, el del Jefe de la Naci\u00f3n el primero del mes patrio, y el de Fayad el mi\u00e9rcoles 3 en su referencia a la ciudadan\u00eda, porque la entrega del mismo al Congreso, seguramente ser\u00e1 el 5, como lo manda&nbsp; el marco legal en el estado.&nbsp;<\/p>\n\n\n\n<p>Pero eso no es todo, porque el 4, el IEEH debe informar qu\u00e9 candidatos registrados fueron validados por este organismo, y cu\u00e1les no, para que al otro d\u00eda, el 5, se inicien las campa\u00f1as que terminan el 14 de octubre, con modos muy especiales para no exponer a los ciudadanos al virus.<\/p>\n\n\n\n<p>El 12 de septiembre, los partidos deben decidir qu\u00e9 candidatos van para la elecci\u00f3n, para que aparezcan en las boletas, despu\u00e9s pueden cambiar hasta el 17 de octubre, un d\u00eda antes de la elecci\u00f3n, pero ya no aparecen en las boletas.<\/p>\n\n\n\n<p>El informe presidencial, servir\u00e1 para que nos enteremos c\u00f3mo va el pa\u00eds en el tema de la pandemia y de la econom\u00eda, donde la percepci\u00f3n de muchos ciudadanos es que no hay horizonte muy bueno por la realidad que permita un informe triunfalista y de grandes logros, porque as\u00ed lo dicen los n\u00fameros de fallecidos, contagiados y desempleados, y nuevos pobres.<\/p>\n\n\n\n<p>Sin embargo, por los adelantos del informe parece que la visi\u00f3n presidencial es otra.<\/p>\n\n\n\n<p>En cuanto al informe del gobernador, el mi\u00e9rcoles 3 del mes ya pronto comienza, todos conocemos lo que se ha hecho para frenar al virus y los da\u00f1os a la econom\u00eda.<\/p>\n\n\n\n<p>Aparte de estas pol\u00edticas p\u00fablicas, que en opini\u00f3n de la mayor\u00eda son buenas, se debe sumar lo logrado en obra p\u00fablica y manejo adecuado de los dineros que tienen reconocimiento del gobierno federal.<\/p>\n\n\n\n<p>En cuanto al manejo pol\u00edtico, todo indica que ha sido de buena manera hasta el grado de que con paciencia y eficacia, se ha impuesto a grupos grillos que se equivocaron en su apuesta de confrontaci\u00f3n y ya no son lo que eran, lo mismo personajes que se creyeron el poder mismo, y la realidad los coloc\u00f3 en nivel de grillos ambiciosos.<\/p>\n\n\n\n<p>La elecci\u00f3n de alcaldes, es un hecho que se cuida por parte de los organismos responsables con sumo cuidado, para evitar que sea causa de contagios.<\/p>\n\n\n\n<p>Cada partido, as\u00ed como INE y el IEEH,&nbsp; y desde luego el gobierno, deben mirar con mucho cuidado esta elecci\u00f3n, para que sea manifestaci\u00f3n de la democracia y no otra cosa.<\/p>\n\n\n\n<p>Es sin duda un mes especial. Hist\u00f3rico por todo lo que encierra.<\/p>\n\n\n\n<p><strong>Y nos toca ser parte de esa historia.<\/strong><\/p>\n","protected":false},"excerpt":{"rendered":"<p>SEPTIEMBRE UN MES ESPECIAL<\/p>\n","protected":false},"author":83,"featured_media":0,"comment_status":"closed","ping_status":"open","sticky":false,"template":"","format":"standard","meta":{"footnotes":""},"categories":[48,42],"tags":[],"class_list":["post-130795","post","type-post","status-publish","format-standard","hentry","category-adalberto-peralta","category-nuestrapalabra"],"_links":{"self":[{"href":"https:\/\/plazajuarez.mx\/historico\/wp-json\/wp\/v2\/posts\/130795","targetHints":{"allow":["GET"]}}],"collection":[{"href":"https:\/\/plazajuarez.mx\/historico\/wp-json\/wp\/v2\/posts"}],"about":[{"href":"https:\/\/plazajuarez.mx\/historico\/wp-json\/wp\/v2\/types\/post"}],"author":[{"embeddable":true,"href":"https:\/\/plazajuarez.mx\/historico\/wp-json\/wp\/v2\/users\/83"}],"replies":[{"embeddable":true,"href":"https:\/\/plazajuarez.mx\/historico\/wp-json\/wp\/v2\/comments?post=130795"}],"version-history":[{"count":0,"href":"https:\/\/plazajuarez.mx\/historico\/wp-json\/wp\/v2\/posts\/130795\/revisions"}],"wp:attachment":[{"href":"https:\/\/plazajuarez.mx\/historico\/wp-json\/wp\/v2\/media?parent=130795"}],"wp:term":[{"taxonomy":"category","embeddable":true,"href":"https:\/\/plazajuarez.mx\/historico\/wp-json\/wp\/v2\/categories?post=130795"},{"taxonomy":"post_tag","embeddable":true,"href":"https:\/\/plazajuarez.mx\/historico\/wp-json\/wp\/v2\/tags?post=130795"}],"curies":[{"name":"wp","href":"https:\/\/api.w.org\/{rel}","templated":true}]}}