{"id":130493,"date":"2020-08-28T07:01:39","date_gmt":"2020-08-28T12:01:39","guid":{"rendered":"https:\/\/plazajuarez.mx\/?p=130493"},"modified":"2020-08-28T07:01:59","modified_gmt":"2020-08-28T12:01:59","slug":"retratos-hablados-985","status":"publish","type":"post","link":"https:\/\/plazajuarez.mx\/historico\/retratos-hablados-985\/","title":{"rendered":"RETRATOS HABLADOS"},"content":{"rendered":"\n<h2 class=\"wp-block-heading\">Mafias de provincia, el reto de AMLO<\/h2>\n\n\n\n<p>A todas las contrariedades que el Presidente L\u00f3pez Obrador ha encontrado en su camino por el primer a\u00f1o de su mandato, hoy mismo debe sumar la preocupaci\u00f3n de impedir de grupos caciquiles se apoderen de manera definitiva del partido que lo llev\u00f3 al poder, Morena, en muchos estados de la Rep\u00fablica como Hidalgo.<\/p>\n\n\n\n<p>No ha sido f\u00e1cil este trayecto de arranque para el Jefe de la Naci\u00f3n, mucho menos aguantar la campa\u00f1a medi\u00e1tica en que se deja la idea de que M\u00e9xico est\u00e1 incendiado y en una guerra sin cuartel contra enemigos que mueren, pero resucitan a la vuelta de la esquina. Campa\u00f1a que sus huestes tambi\u00e9n desataron contra el gobierno Pe\u00f1ista, quien tuvo que aceptar la idea regada en la sociedad, de que era un mandatario con poca inteligencia y pleno en corrupci\u00f3n.<\/p>\n\n\n\n<p>El uso y abuso de los medios para edificar un prestigio no sirve en t\u00e9rminos reales, porque la misma arma que se usa termina por voltearse contra su creador o usuario, con efectos devastadores.<\/p>\n\n\n\n<p>Me atrever\u00eda a plantear que con todo y los efectos negativos de no pocas decisiones del nuevo gobierno federal, que ha ido de la austeridad republicana a la pobreza franciscana sin resultados realmente positivos, sin duda es posible esperar en el Segundo A\u00f1o del gobierno de AMLO, que la curva de aprendizaje termine para dar paso a una administraci\u00f3n de resultados, de posibilidades.<\/p>\n\n\n\n<p>Sin embargo en cada uno de los rincones del pa\u00eds tendr\u00e1 que empezar a poner orden con aquellos que de alguna manera le brindaron apoyo en su campa\u00f1a, pero que pensaron que podr\u00edan disponer a su antojo, o de plano ordenar el cambio de autoridades estatales para asumir el poder a trav\u00e9s de absurdas solicitudes de desaparici\u00f3n de poderes.<\/p>\n\n\n\n<p>L\u00f3pez Obrador no puede ni debe distraer su atenci\u00f3n fundamental que es todo el pa\u00eds, pero tampoco olvidarse de poner en su lugar de una vez por todas, a grupos mafiosos que gracias a su apoyo, visto bueno, o por lo menos no reprobaci\u00f3n, hoy mismo manejan Congresos estatales, como es el caso de la entidad hidalguense.<\/p>\n\n\n\n<p>Sabe bien que el apoyo que le dieron no fue de gratis, y que no solo insisten en ser perdonados por delitos como la malversaci\u00f3n de fondos p\u00fablicos en un nivel escandaloso, sino que est\u00e1n ciertos que les debe todo lo que se atreven a pedir.<\/p>\n\n\n\n<p>AMLO est\u00e1 obligado a dar viabilidad a su partido, Morena, con el impulso de cuadros realmente morenistas, no de arribistas sinverg\u00fcenzas que incluso se atreven a presentarse como sus leg\u00edtimos representantes y por lo tanto \u00fanicos para dirigir un instituto pol\u00edtico como el anotado.<\/p>\n\n\n\n<p>El caso Hidalgo llega a niveles preocupantes, porque a toda costa los que secuestraron con la bandera de Morena la C\u00e1mara de Diputados, impulsar\u00e1n una confrontaci\u00f3n abierta y hasta donde tope con el Poder Ejecutivo del Estado, ante la urgencia de apurar escenarios donde no se vean en la c\u00e1rcel y s\u00ed en cambio como viables a la primera magistratura estatal.<\/p>\n\n\n\n<p>Para fortuna de todos es una posibilidad que ha dejado de serlo.<\/p>\n\n\n\n<p>Sin embargo debemos esperar una batalla sin cuartel, porque ya no hay l\u00edmites de ning\u00fan tipo y s\u00ed en cambio una desesperaci\u00f3n que preocupa en todo el sentido de la palabra.<\/p>\n\n\n\n<p>AMLO tiene bastantes preocupaciones como para tener que atender pugnas provincianas por el poder, pero no hay de otra. El pa\u00eds se puede descomponer si no se atienden y de una vez por todas pone en su lugar a peque\u00f1as mafias a las que permiti\u00f3 apoderarse de su partido, o por lo menos de las candidaturas de su partido.<\/p>\n\n\n\n<p>No hay de otra.<\/p>\n\n\n\n<p><strong>Mil gracias, hasta ma\u00f1ana.<\/strong><\/p>\n\n\n\n<p><a href=\"mailto:jeperalta@plazajuarez.mx\/historico\/historico\">jeperalta@plazajuarez.mx\/historico\/historico<\/a><\/p>\n\n\n\n<p>@JavierEPeralta<\/p>\n","protected":false},"excerpt":{"rendered":"<p>Mafias de provincia, el reto de AMLO A todas las contrariedades que el Presidente L\u00f3pez Obrador ha encontrado en su camino por el primer a\u00f1o de su mandato, hoy mismo debe sumar la preocupaci\u00f3n de impedir de grupos caciquiles se apoderen de manera definitiva del partido que lo llev\u00f3 al poder, Morena, en muchos estados [&hellip;]<\/p>\n","protected":false},"author":10,"featured_media":0,"comment_status":"closed","ping_status":"open","sticky":false,"template":"","format":"standard","meta":{"footnotes":""},"categories":[49,42],"tags":[],"class_list":["post-130493","post","type-post","status-publish","format-standard","hentry","category-javier-peralta","category-nuestrapalabra"],"_links":{"self":[{"href":"https:\/\/plazajuarez.mx\/historico\/wp-json\/wp\/v2\/posts\/130493","targetHints":{"allow":["GET"]}}],"collection":[{"href":"https:\/\/plazajuarez.mx\/historico\/wp-json\/wp\/v2\/posts"}],"about":[{"href":"https:\/\/plazajuarez.mx\/historico\/wp-json\/wp\/v2\/types\/post"}],"author":[{"embeddable":true,"href":"https:\/\/plazajuarez.mx\/historico\/wp-json\/wp\/v2\/users\/10"}],"replies":[{"embeddable":true,"href":"https:\/\/plazajuarez.mx\/historico\/wp-json\/wp\/v2\/comments?post=130493"}],"version-history":[{"count":0,"href":"https:\/\/plazajuarez.mx\/historico\/wp-json\/wp\/v2\/posts\/130493\/revisions"}],"wp:attachment":[{"href":"https:\/\/plazajuarez.mx\/historico\/wp-json\/wp\/v2\/media?parent=130493"}],"wp:term":[{"taxonomy":"category","embeddable":true,"href":"https:\/\/plazajuarez.mx\/historico\/wp-json\/wp\/v2\/categories?post=130493"},{"taxonomy":"post_tag","embeddable":true,"href":"https:\/\/plazajuarez.mx\/historico\/wp-json\/wp\/v2\/tags?post=130493"}],"curies":[{"name":"wp","href":"https:\/\/api.w.org\/{rel}","templated":true}]}}