{"id":130342,"date":"2020-08-27T07:12:56","date_gmt":"2020-08-27T12:12:56","guid":{"rendered":"https:\/\/plazajuarez.mx\/?p=130342"},"modified":"2020-08-27T07:13:17","modified_gmt":"2020-08-27T12:13:17","slug":"dese-por-enterado-764","status":"publish","type":"post","link":"https:\/\/plazajuarez.mx\/historico\/dese-por-enterado-764\/","title":{"rendered":"DESE POR ENTERADO"},"content":{"rendered":"\n<p><strong>EN MANOS DE LA FGR LA \u201cCUENTA SUIZA\u201d.-<\/strong> Por lo menos tres versiones coinciden en se\u00f1alar que el caso de la \u201cCuenta Suiza\u201d y los casi tres mil 314 millones de pesos, est\u00e1 por resolverse luego que desde hace casi dos meses se encuentra en manos de la Fiscal\u00eda General de la Rep\u00fablica, instancia a la que fue turnado el asunto por la Unidad de Inteligencia Financiera de la Secretar\u00eda de Hacienda, luego que no encontr\u00f3 pruebas suficientes que justificaran tal cantidad de dinero a nombre del Patronato Universitario de la Universidad Aut\u00f3noma del Estado de Hidalgo. De acuerdo a estas versiones, la FGR actuar\u00e1 conforme a los procedimientos legales existentes, por lo que podr\u00eda solicitar no una sino varias \u00f3rdenes de aprehensi\u00f3n en cualquier momento, lo que pudiera venir a amargar la fiesta en la imposici\u00f3n de candidatos dentro de Morena que tra\u00eda el Grupo Universidad. A ver qu\u00e9 pasa.<\/p>\n\n\n\n<hr class=\"wp-block-separator\"\/>\n\n\n\n<p><strong>DEL 5 DE SEPTIEMBRE AL 18 DE OCTUBRE, NOS QUEDAMOS SIN LAS MA\u00d1ANERAS.-<\/strong> Desde estos momentos, muchos ciudadanos ya sufren por la prohibici\u00f3n del Instituto Nacional Electoral para que las conferencias de prensa matutinas, \u201cma\u00f1aneras\u201d, como se les conoce, que ofrece todos los d\u00edas el Presidente de la Rep\u00fablica, se transmitan a nivel estatal con motivo de la elecci\u00f3n de alcaldes. Sufren porque, a ver, d\u00f3nde m\u00e1s podr\u00edan escuchar las tan bellas preguntas de Lord Mol\u00e9cula, o el sujeto ese que anda con un parche en el ojo. Como que a estas alturas bien valdr\u00eda la pena que los asesores del Jefe de la Naci\u00f3n se preguntaran si las \u201cma\u00f1aneras\u201d, lejos de ser un espacio para que los mexicanos conozcan de primera mano la situaci\u00f3n del pa\u00eds, solo se han traducido en un desgaste de la imagen presidencial.<\/p>\n\n\n\n<hr class=\"wp-block-separator\"\/>\n\n\n\n<p><strong>EL BOT\u00cdN DE LOS CONCEJOS MUNICIPALES.-<\/strong> Ser\u00e1n apenas unos meses los que funcionar\u00e1n los Concejos Municipales que sustituir\u00e1n temporalmente el trabajo de los alcaldes en los 84 municipios del Estado. Sin embargo la pelea est\u00e1 a la orden del d\u00eda, porque ante las pr\u00f3ximas elecciones todos buscan a como d\u00e9 lugar, tener influencia en el votante mediante todos los artilugios habidos y por haber. No es de balde el asunto, porque desde la estructura municipal es posible hacer muchas maniobras en beneficio del que buscan que gane los comicios del mes de octubre. Por lo mientras, repase la lista de integrantes de los Concejos y se llevar\u00e1 una que otra sorpresa.<\/p>\n\n\n\n<hr class=\"wp-block-separator\"\/>\n\n\n\n<p><strong>FRANCISCO XAVIER A LA DIRIGENCIA DE MORENA-HIDALGO.-<\/strong> Ahora si que como dicen por ah\u00ed, \u201cya solo le falta al partido del Presidente que lo mee un perro\u201d. Y pues s\u00ed, ahora corre el rumor de que el preclaro luchador por la democracia, el poeta de la canci\u00f3n que ni Sabina le llega a los talones, s\u00ed se\u00f1ores, Francisco Xavier est\u00e1 por amarrar la dirigencia estatal de Morena. Seg\u00fan cuentan, tiene en sus manos encuestas en que toditos los morenistas le ruegan que asuma el m\u00e1ximo cargo en dicho partido, porque \u00e9l s\u00ed sabe c\u00f3mo hacer las cosas. Vaya pues que ya preparan el arribo del siempre simp\u00e1tico, vertical y leal pol\u00edtico al cargo anotado.<\/p>\n\n\n\n<hr class=\"wp-block-separator\"\/>\n\n\n\n<p><strong><em>Aviso para que no digan: Esa columna se nutre de comentarios recabados en agencias del Recontra-Espionaje, muy similares a las que populariz\u00f3 el \u201cS\u00faper Agente 86\u201d en sus tiempos. Como tal, usted est\u00e1 en libertad de creer o no lo que lee, recontra-enojarse, recontra-carcajearse y hasta recontra-recordarnos a nuestra jefecita (nosotros recontra-hacemos lo propio). Avisado est\u00e1 usted.<\/em><\/strong><\/p>\n\n\n\n<p>Dudas y comentarios:<\/p>\n\n\n\n<p><a href=\"mailto:desexenterado@gmail.com\">desexenterado@gmail.com<\/a><\/p>\n\n\n\n<p>@desexenterado<\/p>\n","protected":false},"excerpt":{"rendered":"<p>EN MANOS DE LA FGR LA \u201cCUENTA SUIZA\u201d.- Por lo menos tres versiones coinciden en se\u00f1alar que el caso de la \u201cCuenta Suiza\u201d y los casi tres mil 314 millones de pesos, est\u00e1 por resolverse luego que desde hace casi dos meses se encuentra en manos de la Fiscal\u00eda General de la Rep\u00fablica, instancia a [&hellip;]<\/p>\n","protected":false},"author":93,"featured_media":0,"comment_status":"closed","ping_status":"open","sticky":false,"template":"","format":"standard","meta":{"footnotes":""},"categories":[83],"tags":[],"class_list":["post-130342","post","type-post","status-publish","format-standard","hentry","category-dese-por-enterado"],"_links":{"self":[{"href":"https:\/\/plazajuarez.mx\/historico\/wp-json\/wp\/v2\/posts\/130342","targetHints":{"allow":["GET"]}}],"collection":[{"href":"https:\/\/plazajuarez.mx\/historico\/wp-json\/wp\/v2\/posts"}],"about":[{"href":"https:\/\/plazajuarez.mx\/historico\/wp-json\/wp\/v2\/types\/post"}],"author":[{"embeddable":true,"href":"https:\/\/plazajuarez.mx\/historico\/wp-json\/wp\/v2\/users\/93"}],"replies":[{"embeddable":true,"href":"https:\/\/plazajuarez.mx\/historico\/wp-json\/wp\/v2\/comments?post=130342"}],"version-history":[{"count":0,"href":"https:\/\/plazajuarez.mx\/historico\/wp-json\/wp\/v2\/posts\/130342\/revisions"}],"wp:attachment":[{"href":"https:\/\/plazajuarez.mx\/historico\/wp-json\/wp\/v2\/media?parent=130342"}],"wp:term":[{"taxonomy":"category","embeddable":true,"href":"https:\/\/plazajuarez.mx\/historico\/wp-json\/wp\/v2\/categories?post=130342"},{"taxonomy":"post_tag","embeddable":true,"href":"https:\/\/plazajuarez.mx\/historico\/wp-json\/wp\/v2\/tags?post=130342"}],"curies":[{"name":"wp","href":"https:\/\/api.w.org\/{rel}","templated":true}]}}