{"id":130330,"date":"2020-08-26T20:31:47","date_gmt":"2020-08-27T01:31:47","guid":{"rendered":"https:\/\/plazajuarez.mx\/?p=130330"},"modified":"2020-08-26T20:32:00","modified_gmt":"2020-08-27T01:32:00","slug":"suman-62-mil-muertes-por-covid-en-mexico-hay-573-mil-casos","status":"publish","type":"post","link":"https:\/\/plazajuarez.mx\/historico\/suman-62-mil-muertes-por-covid-en-mexico-hay-573-mil-casos\/","title":{"rendered":"Suman 62 mil muertes por Covid en M\u00e9xico; hay 573 mil casos"},"content":{"rendered":"\n<p>M\u00e9xico lleg\u00f3, al corte de este 26 de agosto, a 62 mil 76 muertes por Covid-19, con 573 mil 888 casos de contagios confirmados de coronavirus, seg\u00fan informaron autoridades de la Secretar\u00eda de Salud.<\/p>\n\n\n\n<p>Jos\u00e9 Luis Alom\u00eda, director general de Epidemiolog\u00eda, detall\u00f3 en conferencia de prensa desde Palacio Nacional que hay 81 mil 466 casos sospechosos, aunque con 635 mil 729 casos negativos acumulados en el pa\u00eds.<\/p>\n\n\n\n<p>\u00bfReinfecciones deber\u00edan preocuparnos? Vir\u00f3logos holandeses y belgas informaron este martes de la detecci\u00f3n de los dos primeros casos de reinfecci\u00f3n de Covid-19 en Europa, y alertaron con prudencia que se podr\u00edan confirmar los peores presagios sobre los bajos niveles de protecci\u00f3n inmunol\u00f3gica que ofrecer\u00eda un primer contagio. En Brasil se investigan siete casos sospechosos de reinfecci\u00f3n.<\/p>\n\n\n\n<p>La confirmaci\u00f3n gen\u00e9tica de que existen casos de reinfecci\u00f3n recuerda, seg\u00fan los cient\u00edficos, que no hay que asumir que las personas que se hayan recuperado una vez del coronavirus sean ahora inmunes a la enfermedad, sino que, igual que el resto, deben respetar las reglas de distanciamiento social, usar cubrebocas y ser vacunadas cuando se logre desarrollar una vacuna.<\/p>\n","protected":false},"excerpt":{"rendered":"<p>M\u00e9xico lleg\u00f3, al corte de este 26 de agosto, a 62 mil 76 muertes por Covid-19, con 573 mil 888 casos de contagios confirmados de coronavirus, seg\u00fan informaron autoridades de la Secretar\u00eda de Salud. Jos\u00e9 Luis Alom\u00eda, director general de Epidemiolog\u00eda, detall\u00f3 en conferencia de prensa desde Palacio Nacional que hay 81 mil 466 casos [&hellip;]<\/p>\n","protected":false},"author":81,"featured_media":0,"comment_status":"closed","ping_status":"open","sticky":false,"template":"","format":"standard","meta":{"footnotes":""},"categories":[15,36],"tags":[],"class_list":["post-130330","post","type-post","status-publish","format-standard","hentry","category-destacadas","category-nacion"],"_links":{"self":[{"href":"https:\/\/plazajuarez.mx\/historico\/wp-json\/wp\/v2\/posts\/130330","targetHints":{"allow":["GET"]}}],"collection":[{"href":"https:\/\/plazajuarez.mx\/historico\/wp-json\/wp\/v2\/posts"}],"about":[{"href":"https:\/\/plazajuarez.mx\/historico\/wp-json\/wp\/v2\/types\/post"}],"author":[{"embeddable":true,"href":"https:\/\/plazajuarez.mx\/historico\/wp-json\/wp\/v2\/users\/81"}],"replies":[{"embeddable":true,"href":"https:\/\/plazajuarez.mx\/historico\/wp-json\/wp\/v2\/comments?post=130330"}],"version-history":[{"count":0,"href":"https:\/\/plazajuarez.mx\/historico\/wp-json\/wp\/v2\/posts\/130330\/revisions"}],"wp:attachment":[{"href":"https:\/\/plazajuarez.mx\/historico\/wp-json\/wp\/v2\/media?parent=130330"}],"wp:term":[{"taxonomy":"category","embeddable":true,"href":"https:\/\/plazajuarez.mx\/historico\/wp-json\/wp\/v2\/categories?post=130330"},{"taxonomy":"post_tag","embeddable":true,"href":"https:\/\/plazajuarez.mx\/historico\/wp-json\/wp\/v2\/tags?post=130330"}],"curies":[{"name":"wp","href":"https:\/\/api.w.org\/{rel}","templated":true}]}}