{"id":130324,"date":"2020-08-26T18:30:54","date_gmt":"2020-08-26T23:30:54","guid":{"rendered":"https:\/\/plazajuarez.mx\/?p=130324"},"modified":"2020-08-26T18:31:09","modified_gmt":"2020-08-26T23:31:09","slug":"las-tormentas-tropicales-hernan-e-iselle-se-forman-en-el-pacifico-mexicano","status":"publish","type":"post","link":"https:\/\/plazajuarez.mx\/historico\/las-tormentas-tropicales-hernan-e-iselle-se-forman-en-el-pacifico-mexicano\/","title":{"rendered":"Las tormentas tropicales Hern\u00e1n e Iselle se forman en el Pac\u00edfico mexicano"},"content":{"rendered":"\n<p>Las tormentas tropicales Hern\u00e1n e Iselle se formaron este mi\u00e9rcoles en aguas del Pac\u00edfico mexicano y su pron\u00f3stico prev\u00e9 una aproximaci\u00f3n a las costas del pa\u00eds y lluvias intensas, inform\u00f3 el Servicio Meteorol\u00f3gico Nacional (SMN).<\/p>\n\n\n\n<p>Hern\u00e1n evolucion\u00f3 de la depresi\u00f3n tropical Trece-E frente a las costas de los occidentales estados de Jalisco y Colima, e Iselle se form\u00f3 a partir de la depresi\u00f3n tropical Catorce-E, al suroeste de Baja California Sur, indic\u00f3 el SMN en su bolet\u00edn.<\/p>\n\n\n\n<p>De acuerdo con los pron\u00f3sticos de trayectoria, los centros de ambas tormentas tropicales se mantendr\u00e1n sobre el mar, aunque Hern\u00e1n tendr\u00e1 un acercamiento gradual a las costas occidentales mientras que Iselle se aproximar\u00e1 al extremo sur de Baja California Sur, indic\u00f3 la instituci\u00f3n.<\/p>\n\n\n\n<p>En ambas situaciones se prev\u00e9n lluvias asociadas a la entrada de sus bandas nubosas, explic\u00f3 Jorge Zavala Hidalgo, coordinador general del SMN.<\/p>\n\n\n\n<p>En cuanto a la intensidad de los dos ciclones, el pron\u00f3stico es que no se espera un incremento m\u00e1s all\u00e1 de tormenta tropical, adelant\u00f3 el Meteorol\u00f3gico.<\/p>\n\n\n\n<p>Hern\u00e1n se encuentra a una distancia de 215 kil\u00f3metros al suroeste de Manzanillo (Colima) y a 300 kil\u00f3metros al sur de Cabo Corrientes (Jalisco).<\/p>\n\n\n\n<p>Sus vientos son de 65 kil\u00f3metros por hora con rachas de 85 kil\u00f3metros por hora y se mueve al noroeste a una velocidad de nueve kil\u00f3metros por hora.<\/p>\n\n\n\n<p>Se esperan lluvias &#8220;puntuales torrenciales&#8221; en los estados de Jalisco, Colima, Michoac\u00e1n, Guerrero y Oaxaca, e &#8220;intensas&#8221; en el de Nayarit.<\/p>\n\n\n\n<p>La tormenta Iselle es la que est\u00e1 m\u00e1s alejada de las costas mexicanas, actualmente a 1.095 kil\u00f3metros al suroeste de Cabo San Lucas (Baja California Sur), con vientos de 65 kil\u00f3metros por hora y rachas de 85 kil\u00f3metros por hora.<\/p>\n\n\n\n<p>Iselle presenta una velocidad de desplazamiento de 7 kil\u00f3metros por hora con direcci\u00f3n al noroeste y el pron\u00f3stico de su trayectoria la mantendr\u00e1 a distancia de la costa mexicana, indic\u00f3 el Meteorol\u00f3gico.<\/p>\n\n\n\n<p>Debido a la presencia de ambas tormentas, las autoridades de Protecci\u00f3n Civil han recomendado a la poblaci\u00f3n mantenerse alerta a las lluvias, viento y oleaje pr\u00e1cticamente en todas las costas occidentales del pa\u00eds.<\/p>\n\n\n\n<p>Con Hern\u00e1n e Iselle ya se han formado nueve ciclones, la mitad de los que se han pronosticado para la actual temporada del Pac\u00edfico que transcurre de mayo a noviembre.<\/p>\n\n\n\n<p>Hasta la fecha se han formado las tormentas tropicales Amanda, Boris, Cristina y Fausto, Hern\u00e1n e Iselle, y los huracanas Douglas (con intensidad 3-5), Elida (intensidad 1-2) y Genevieve (4) en la escala Saffir Simpson.<\/p>\n","protected":false},"excerpt":{"rendered":"<p>Las tormentas tropicales Hern\u00e1n e Iselle se formaron este mi\u00e9rcoles en aguas del Pac\u00edfico mexicano y su pron\u00f3stico prev\u00e9 una aproximaci\u00f3n a las costas del pa\u00eds y lluvias intensas, inform\u00f3 el Servicio Meteorol\u00f3gico Nacional (SMN). Hern\u00e1n evolucion\u00f3 de la depresi\u00f3n tropical Trece-E frente a las costas de los occidentales estados de Jalisco y Colima, e [&hellip;]<\/p>\n","protected":false},"author":80,"featured_media":0,"comment_status":"closed","ping_status":"open","sticky":false,"template":"","format":"standard","meta":{"footnotes":""},"categories":[15,36],"tags":[],"class_list":["post-130324","post","type-post","status-publish","format-standard","hentry","category-destacadas","category-nacion"],"_links":{"self":[{"href":"https:\/\/plazajuarez.mx\/historico\/wp-json\/wp\/v2\/posts\/130324","targetHints":{"allow":["GET"]}}],"collection":[{"href":"https:\/\/plazajuarez.mx\/historico\/wp-json\/wp\/v2\/posts"}],"about":[{"href":"https:\/\/plazajuarez.mx\/historico\/wp-json\/wp\/v2\/types\/post"}],"author":[{"embeddable":true,"href":"https:\/\/plazajuarez.mx\/historico\/wp-json\/wp\/v2\/users\/80"}],"replies":[{"embeddable":true,"href":"https:\/\/plazajuarez.mx\/historico\/wp-json\/wp\/v2\/comments?post=130324"}],"version-history":[{"count":0,"href":"https:\/\/plazajuarez.mx\/historico\/wp-json\/wp\/v2\/posts\/130324\/revisions"}],"wp:attachment":[{"href":"https:\/\/plazajuarez.mx\/historico\/wp-json\/wp\/v2\/media?parent=130324"}],"wp:term":[{"taxonomy":"category","embeddable":true,"href":"https:\/\/plazajuarez.mx\/historico\/wp-json\/wp\/v2\/categories?post=130324"},{"taxonomy":"post_tag","embeddable":true,"href":"https:\/\/plazajuarez.mx\/historico\/wp-json\/wp\/v2\/tags?post=130324"}],"curies":[{"name":"wp","href":"https:\/\/api.w.org\/{rel}","templated":true}]}}