{"id":130314,"date":"2020-08-26T15:11:50","date_gmt":"2020-08-26T20:11:50","guid":{"rendered":"https:\/\/plazajuarez.mx\/?p=130314"},"modified":"2020-08-26T15:12:08","modified_gmt":"2020-08-26T20:12:08","slug":"actores-nominados-al-ariel-debaten-sobre-la-situacion-del-cine-en-mexico","status":"publish","type":"post","link":"https:\/\/plazajuarez.mx\/historico\/actores-nominados-al-ariel-debaten-sobre-la-situacion-del-cine-en-mexico\/","title":{"rendered":"Actores nominados al Ariel debaten sobre la situaci\u00f3n del cine en M\u00e9xico"},"content":{"rendered":"\n<p>Cuatro de los cinco nominados al premio mexicano Ariel en la categor\u00eda de mejor actor se reunieron este mi\u00e9rcoles en una charla virtual para exponer sus sentimientos en torno a su postulaci\u00f3n, el rumbo del cine en M\u00e9xico, lo valioso de sus personajes y su proyecci\u00f3n como int\u00e9rpretes.<\/p>\n\n\n\n<p>&#8220;Me tom\u00f3 por sorpresa, no esperaba que saliera mi nombre. Estamos en un periodo complicado de mucha incertidumbre y esta nominaci\u00f3n viene a darnos resiliencia y lo abrazo con un sentimiento de emoci\u00f3n&#8221;, asegur\u00f3 Armando Hern\u00e1ndez, quien vive su tercer llamado en su trayectoria a los premios por &#8220;La paloma y el lobo&#8221;.<\/p>\n\n\n\n<p>En el di\u00e1logo participaron tambi\u00e9n Benny Emmanuel, quien recibe su segunda nominaci\u00f3n -esta vez por la pel\u00edcula de Gael Garc\u00eda Bernal &#8220;Chicuarotes&#8221;-, Xabiani Ponce de Le\u00f3n por &#8220;Esto no es Berl\u00edn&#8221; de Hari Sama y Luis Alberti por la obra de David Zonana &#8220;Mano de obra&#8221;.<\/p>\n\n\n\n<p>En tanto, falt\u00f3 la participaci\u00f3n de Jos\u00e9 Mar\u00eda Y\u00e1zpik, quien est\u00e1 nominado por &#8220;Polvo&#8221;, pel\u00edcula que \u00e9l mismo dirigi\u00f3.<\/p>\n\n\n\n<p>La charla fue moderada por la actriz Leticia Huijara, quien puso sobre la mesa el debate sobre los no actores y su papel a la hora de ejecutar una producci\u00f3n, debido a que en las producciones nominadas hay un gran numero de ellos.<\/p>\n\n\n\n<p>&#8220;Es un tema muy en boga, tenemos que pensar que en que las pel\u00edculas tratan de personas y seres humanos no de personajes, la experiencia no sirve si no sabemos situarnos como equipo, no por nada se utilizan para estos personajes actores no profesionales&#8221;, asegur\u00f3 Alberti, mostr\u00e1ndose a favor al respecto.<\/p>\n\n\n\n<h3 class=\"wp-block-heading\">DIVERSIDAD Y NUEVOS ESPACIOS<\/h3>\n\n\n\n<p>Tambi\u00e9n se habl\u00f3 de la gran variedad (en todos los sentidos) que conforma al cine mexicano actual y la apertura que ha estado existiendo en el p\u00fablico para verlo, pues, aseguran, es err\u00f3neo que se sit\u00fae al &#8220;cine mexicano&#8221; como un g\u00e9nero homog\u00e9neo.<\/p>\n\n\n\n<p>&#8220;Siempre ha habido esta diversidad en el cine, pero al final el problema para m\u00ed es que no tengamos un espacio y que siempre para que la gente pueda ver nuestras pel\u00edculas tiene que ir en un horario limitado y espacios espec\u00edficos&#8221;, asegur\u00f3 Hern\u00e1ndez.<\/p>\n\n\n\n<p>Mientras, Alberti asegur\u00f3 que las nuevas propuestas cinematogr\u00e1ficas abren el espectro sobre lo que es ser mexicano y considera que, cada vez m\u00e1s, son menos los estereotipos los que predominan en los proyectos.<\/p>\n\n\n\n<p>La diversidad en el discurso de cada una de las pel\u00edculas por los que fueron nominados es una prueba de ello: cada producci\u00f3n relata un problema social espec\u00edfico que se vive en el pa\u00eds.<\/p>\n\n\n\n<p>&#8220;Chicuarotes&#8221; con una cr\u00edtica a la violencia y un retrato del deseo profundo de migraci\u00f3n, &#8220;Esto no es Berl\u00edn&#8221; con la exposici\u00f3n la diversidad sexual y la b\u00fasqueda de una identidad propia en una sociedad compleja de los a\u00f1os 80 o &#8220;Mano de obra&#8221; y el reflejo de la vida laboral de los mexicanos y c\u00f3mo se inmiscuye el poder en ella.<\/p>\n\n\n\n<p>Tambi\u00e9n se explora el narcotr\u00e1fico en un pueblo en &#8220;Polvo&#8221; o el exilio obligado debido a la violencia e inseguridad retratados en la \u00f3pera prima de Carlos Lenin Trevi\u00f1o &#8220;La paloma y el Lobo&#8221;.<\/p>\n\n\n\n<p>&#8220;Para m\u00ed, en este momento recibir esta nominaci\u00f3n es un reto, lo abrazo y veo una oportunidad de refrendar mi compromiso con el cine, con la gente que est\u00e1 luchando para mantener el cine en pie&#8221;, asegur\u00f3 Alberti.<\/p>\n\n\n\n<p>Mientras que Benny Emmanuel y Xabiani Ponce de Le\u00f3n coinciden en que esta postulaci\u00f3n reitera su amor por el cine y abre las puertas de sus j\u00f3venes carreras en esta industria.<\/p>\n\n\n\n<p>La 62 entrega de los Premios Ariel de la Academia Mexicana de Artes y Ciencias Cinematogr\u00e1ficas (AMACC) tendr\u00e1 lugar el 27 septiembre a las 20.00 hora local (01.30 hora GMT) de manera virtual.<\/p>\n\n\n\n<p>Este a\u00f1o la pel\u00edcula favorita es &#8220;Ya no estoy aqu\u00ed&#8221;, de Fernando Fr\u00edas, que cuenta con 13 nominaciones incluyendo mejor pel\u00edcula, direcci\u00f3n, guion original y actor revelaci\u00f3n.<\/p>\n\n\n\n<p>A la cinta de Fr\u00edas le siguen con 12 nominaciones &#8220;Esto no es Berl\u00edn&#8221; y &#8220;Polvo&#8221;, con 11.<\/p>\n","protected":false},"excerpt":{"rendered":"<p>Cuatro de los cinco nominados al premio mexicano Ariel en la categor\u00eda de mejor actor se reunieron este mi\u00e9rcoles en una charla virtual para exponer sus sentimientos en torno a su postulaci\u00f3n, el rumbo del cine en M\u00e9xico, lo valioso de sus personajes y su proyecci\u00f3n como int\u00e9rpretes. &#8220;Me tom\u00f3 por sorpresa, no esperaba que [&hellip;]<\/p>\n","protected":false},"author":80,"featured_media":0,"comment_status":"closed","ping_status":"open","sticky":false,"template":"","format":"standard","meta":{"footnotes":""},"categories":[41],"tags":[],"class_list":["post-130314","post","type-post","status-publish","format-standard","hentry","category-arteria-cultural"],"_links":{"self":[{"href":"https:\/\/plazajuarez.mx\/historico\/wp-json\/wp\/v2\/posts\/130314","targetHints":{"allow":["GET"]}}],"collection":[{"href":"https:\/\/plazajuarez.mx\/historico\/wp-json\/wp\/v2\/posts"}],"about":[{"href":"https:\/\/plazajuarez.mx\/historico\/wp-json\/wp\/v2\/types\/post"}],"author":[{"embeddable":true,"href":"https:\/\/plazajuarez.mx\/historico\/wp-json\/wp\/v2\/users\/80"}],"replies":[{"embeddable":true,"href":"https:\/\/plazajuarez.mx\/historico\/wp-json\/wp\/v2\/comments?post=130314"}],"version-history":[{"count":0,"href":"https:\/\/plazajuarez.mx\/historico\/wp-json\/wp\/v2\/posts\/130314\/revisions"}],"wp:attachment":[{"href":"https:\/\/plazajuarez.mx\/historico\/wp-json\/wp\/v2\/media?parent=130314"}],"wp:term":[{"taxonomy":"category","embeddable":true,"href":"https:\/\/plazajuarez.mx\/historico\/wp-json\/wp\/v2\/categories?post=130314"},{"taxonomy":"post_tag","embeddable":true,"href":"https:\/\/plazajuarez.mx\/historico\/wp-json\/wp\/v2\/tags?post=130314"}],"curies":[{"name":"wp","href":"https:\/\/api.w.org\/{rel}","templated":true}]}}