{"id":130236,"date":"2020-08-26T07:20:52","date_gmt":"2020-08-26T12:20:52","guid":{"rendered":"https:\/\/plazajuarez.mx\/?p=130236"},"modified":"2020-08-26T07:21:05","modified_gmt":"2020-08-26T12:21:05","slug":"listo-pablo-vargas-para-la-contienda","status":"publish","type":"post","link":"https:\/\/plazajuarez.mx\/historico\/listo-pablo-vargas-para-la-contienda\/","title":{"rendered":"Listo Pablo Vargas para la contienda"},"content":{"rendered":"\n<p>Luego de que la dirigencia nacional del partido del Movimiento de Regeneraci\u00f3n Nacional (Morena) lo eligiera como el candidato que disputar\u00e1 por la alcald\u00eda de Pachuca, Pablo Vargas Gonz\u00e1lez, inform\u00f3 que est\u00e1 listo para la contienda que se prev\u00e9 para el 18 de octubre.<\/p>\n\n\n\n<p>En entrevista para Diario Plaza Ju\u00e1rez refiri\u00f3 la importancia que tiene el conocer la lucha y el movimiento social para no perder de vista las necesidades que tiene gran parte de la poblaci\u00f3n, por lo que nos cont\u00f3 un poco de su trayectoria, como acad\u00e9mico, investigador, y analista de los movimientos sociales, as\u00ed como creador de estudios demogr\u00e1ficos y acad\u00e9micos que han sido publicados por distintas instituciones.&nbsp;<\/p>\n\n\n\n<p>Pablo Vargas, estudi\u00f3 la carrera de derecho en la universidad de Hidalgo, hizo una maestr\u00eda y tiene un doctorado por la Universidad de Guadalajara en Ciencias Sociales, en el a\u00f1o 2006 dej\u00f3 su trabajo en la Universidad Aut\u00f3noma del estado de Hidalgo y en 2007 se incorpor\u00f3 a la Universidad Aut\u00f3noma de la Ciudad de M\u00e9xico.<\/p>\n\n\n\n<p>Cabe destacar que es originario de Pachuca, su padre fue minero en la Mina de San Juan, y posteriormente junto con su madre pusieron una panader\u00eda que se encontraba a dos cuadras del Reloj Monumental,\u00a0 vivieron cerca del centro de Pachuca junto con sus ocho hermanos, estudi\u00f3 en la Escuela Primaria Justo Sierra y la Secundaria Federal Dos, posteriormente hizo la carrera de derecho al tiempo en que comenzaba a trabajar en el Centro de Estudios Demogr\u00e1ficos y siempre ha comulgado con la ideolog\u00eda de izquierda.\u00a0<br><br>En la contienda por la presidencia municipal podr\u00eda enfrentarse a los siguientes contrincantes: del Partido Revolucionario Institucional (PRI), Sergio Ba\u00f1os; por el Partido Acci\u00f3n Nacional (PAN), Andr\u00e9s Ch\u00e1vez Pumarejo; Partido de la Revoluci\u00f3n Democr\u00e1tica (PRD),\u00a0 Isidro Pedraza Chavez; M\u00e1s por Hidalgo, Gustavo R\u00edos Rivera; Darina Marquez, Movimiento Ciudadano (MC);\u00a0 por Podemos, Jorge Conde; as\u00ed como el candidato expriista y ahora \u201cindependiente\u201d,\u00a0 Ricardo Crespo.<\/p>\n","protected":false},"excerpt":{"rendered":"<p>Luego de que la dirigencia nacional del partido del Movimiento de Regeneraci\u00f3n Nacional (Morena) lo eligiera como el candidato que disputar\u00e1 por la alcald\u00eda de Pachuca, Pablo Vargas Gonz\u00e1lez, inform\u00f3 que est\u00e1 listo para la contienda que se prev\u00e9 para el 18 de octubre. En entrevista para Diario Plaza Ju\u00e1rez refiri\u00f3 la importancia que tiene [&hellip;]<\/p>\n","protected":false},"author":93,"featured_media":0,"comment_status":"closed","ping_status":"open","sticky":false,"template":"","format":"standard","meta":{"footnotes":""},"categories":[15,59],"tags":[],"class_list":["post-130236","post","type-post","status-publish","format-standard","hentry","category-destacadas","category-general"],"_links":{"self":[{"href":"https:\/\/plazajuarez.mx\/historico\/wp-json\/wp\/v2\/posts\/130236","targetHints":{"allow":["GET"]}}],"collection":[{"href":"https:\/\/plazajuarez.mx\/historico\/wp-json\/wp\/v2\/posts"}],"about":[{"href":"https:\/\/plazajuarez.mx\/historico\/wp-json\/wp\/v2\/types\/post"}],"author":[{"embeddable":true,"href":"https:\/\/plazajuarez.mx\/historico\/wp-json\/wp\/v2\/users\/93"}],"replies":[{"embeddable":true,"href":"https:\/\/plazajuarez.mx\/historico\/wp-json\/wp\/v2\/comments?post=130236"}],"version-history":[{"count":0,"href":"https:\/\/plazajuarez.mx\/historico\/wp-json\/wp\/v2\/posts\/130236\/revisions"}],"wp:attachment":[{"href":"https:\/\/plazajuarez.mx\/historico\/wp-json\/wp\/v2\/media?parent=130236"}],"wp:term":[{"taxonomy":"category","embeddable":true,"href":"https:\/\/plazajuarez.mx\/historico\/wp-json\/wp\/v2\/categories?post=130236"},{"taxonomy":"post_tag","embeddable":true,"href":"https:\/\/plazajuarez.mx\/historico\/wp-json\/wp\/v2\/tags?post=130236"}],"curies":[{"name":"wp","href":"https:\/\/api.w.org\/{rel}","templated":true}]}}