{"id":130219,"date":"2020-08-25T20:51:30","date_gmt":"2020-08-26T01:51:30","guid":{"rendered":"https:\/\/plazajuarez.mx\/?p=130219"},"modified":"2020-08-25T20:58:22","modified_gmt":"2020-08-26T01:58:22","slug":"rinde-yoli-telleria-su-4to-informe-de-gobierno","status":"publish","type":"post","link":"https:\/\/plazajuarez.mx\/historico\/rinde-yoli-telleria-su-4to-informe-de-gobierno\/","title":{"rendered":"RINDE YOLI TELLER\u00cdA SU 4TO. INFORME DE GOBIERNO"},"content":{"rendered":"\n<p>La alcaldesa de Pachuca, Yoli Teller\u00eda, hizo entrega de su 4to. Informe de Gobierno en la sala de Cabildos del Ayuntamiento de Pachuca.<\/p>\n\n\n\n<p>Atendiendo las disposiciones oficiales, como el uso de cubrebocas y gel antibacterial, guardar sana distancia, ante la contingencia sanitaria por Covid-19, Teller\u00eda Beltr\u00e1n dio a conocer de manera breve parte de los logros alcanzados durante los cuatro a\u00f1os de su gobierno.<\/p>\n\n\n\n<p>&#8220;Es un gusto para m\u00ed y a la vez nost\u00e1lgico el dirigirme a esta soberan\u00eda por \u00faltima vez en una sesi\u00f3n solemne. Siguiendo con las disposiciones oficiales que establece la ley local, acudo ante ustedes para hacer entrega del cuarto informe de entrega de resultados en la administraci\u00f3n 2016 &#8211; 2020 que me honro en presidir&#8221;, expres\u00f3.<\/p>\n\n\n\n<p>&#8220;Es para m\u00ed, motivo de orgullo dar cuenta de que durante estos cuatro a\u00f1os trabajamos para responder a las expectativas de un gobierno honesto, transparente y eficaz, siempre cercano a los ciudadanos&#8221;, agreg\u00f3.<\/p>\n\n\n\n<p>Indic\u00f3 que Pachuca es una ciudad distinta a la que se recibi\u00f3 en 2016, porque gracias al trabajo comprometido de las y los colaboradores del Ayuntamiento, de la mano de las y los pachuque\u00f1os, tenemos una ciudad segura, mejor iluminada, m\u00e1s limpia, con mejores servicios p\u00fablicos certificados en calidad y colonias que hoy cuentan ya con los servicios b\u00e1sicos y una nueva vocaci\u00f3n tur\u00edstica.<\/p>\n\n\n\n<p>Reconoci\u00f3 que el reto no fue f\u00e1cil, &#8220;porque hubo muchos obst\u00e1culos que sortear, nos enfrentamos a la baja de recursos, a una huelga realizada por los trabajadores del Ayuntamiento y hoy nos estamos enfrentando a la pandemia del Covid-19, por mencionar algunos de ellos&#8221;.<\/p>\n\n\n\n<p>Sin embargo, dijo, lo que se logr\u00f3 hacer como ayuntamiento y como gobierno es de destacarse, porque se hicieron con menos recursos obras y acciones, beneficiando a los ciudadanos y sobretodo a los pachuque\u00f1os m\u00e1s olvidados y vulnerables.<\/p>\n\n\n\n<p>&#8220;Hoy, a pocos d\u00edas de entregar esta responsabilidad, me voy con la frente en alto, por haber cumplido con mi deber, porque a pesar de las dificultades y situaciones complejas que enfrent\u00e9, siempre me conduje con base a mis principios y valores, estando pendiente de las necesidades y problemas de nuestra querida ciudad capital, dando las soluciones que de acuerdo a las condiciones presupuestales se pudieran&#8221;.<\/p>\n\n\n\n<p>Por \u00faltimo, agradeci\u00f3 a los integrantes de su gabinete, del Ayuntamiento y colaboradores de la administraci\u00f3n municipal, tanto trabajadores de confianza como sindicalizados, por trabajar juntos para sacar adelante al municipio.<\/p>\n\n\n\n<p>Tambi\u00e9n agradeci\u00f3 a su familia por su cari\u00f1o y paciencia durante el tiempo que asumi\u00f3 el cargo de alcaldesa de Pachuca.<\/p>\n\n\n\n<p>&#8220;Pero sobretodo, a cada ciudadano de Pachuca, por su comprensi\u00f3n, por sus cr\u00edticas propositivas y respaldo ante las decisiones, algunas muy dif\u00edciles que tuvimos que enfrentar, pero todo fue en apego a la ley y con la convicci\u00f3n de hacer lo mejor para todos.<\/p>\n\n\n\n<p>S\u00e9 que todav\u00eda falta mucho por hacer, una ciudad en crecimiento como Pachuca necesita muchas cosas, necesita un mayor presupuesto y seguir siendo eficientes en el gasto, pero segura estoy que los gobiernos que vendr\u00e1n seguir\u00e1n trabajando por el Pachuca alegre, din\u00e1mico y de futuro que todos estamos construyendo.<\/p>\n\n\n\n<p>A todas y todos los pachuque\u00f1os quiero decirles que ser alcaldesa es el m\u00e1s alto honor que me han otorgado a lo largo de mi vida p\u00fablica. A 11 d\u00edas de terminar esta encomienda, les digo que entregaremos una administraci\u00f3n ordenada y transparente, como lo dije hace cuatro a\u00f1os, y despu\u00e9s del 5 de septiembre, seguir\u00e9 trabajando desde los causes ciudadanos de forma comprometida por el bienestar de todos. Muchas gracias&#8221;.<\/p>\n\n\n\n<p>El 4to. Informe de Gobierno fue contestado por la regidora del Partido Acci\u00f3n Nacional (PAN), Ruth Le\u00f3n Cruz, y recibido por C\u00e9sar Rom\u00e1n Mora Vel\u00e1zquez, secretario de la Contralor\u00eda estatal, en representaci\u00f3n del gobernador del estado de Hidalgo, Omar Fayad Meneses.<\/p>\n","protected":false},"excerpt":{"rendered":"<p>La alcaldesa de Pachuca, Yoli Teller\u00eda, hizo entrega de su 4to. Informe de Gobierno en la sala de Cabildos del Ayuntamiento de Pachuca. Atendiendo las disposiciones oficiales, como el uso de cubrebocas y gel antibacterial, guardar sana distancia, ante la contingencia sanitaria por Covid-19, Teller\u00eda Beltr\u00e1n dio a conocer de manera breve parte de los [&hellip;]<\/p>\n","protected":false},"author":93,"featured_media":0,"comment_status":"closed","ping_status":"open","sticky":false,"template":"","format":"standard","meta":{"footnotes":""},"categories":[15,59],"tags":[],"class_list":["post-130219","post","type-post","status-publish","format-standard","hentry","category-destacadas","category-general"],"_links":{"self":[{"href":"https:\/\/plazajuarez.mx\/historico\/wp-json\/wp\/v2\/posts\/130219","targetHints":{"allow":["GET"]}}],"collection":[{"href":"https:\/\/plazajuarez.mx\/historico\/wp-json\/wp\/v2\/posts"}],"about":[{"href":"https:\/\/plazajuarez.mx\/historico\/wp-json\/wp\/v2\/types\/post"}],"author":[{"embeddable":true,"href":"https:\/\/plazajuarez.mx\/historico\/wp-json\/wp\/v2\/users\/93"}],"replies":[{"embeddable":true,"href":"https:\/\/plazajuarez.mx\/historico\/wp-json\/wp\/v2\/comments?post=130219"}],"version-history":[{"count":0,"href":"https:\/\/plazajuarez.mx\/historico\/wp-json\/wp\/v2\/posts\/130219\/revisions"}],"wp:attachment":[{"href":"https:\/\/plazajuarez.mx\/historico\/wp-json\/wp\/v2\/media?parent=130219"}],"wp:term":[{"taxonomy":"category","embeddable":true,"href":"https:\/\/plazajuarez.mx\/historico\/wp-json\/wp\/v2\/categories?post=130219"},{"taxonomy":"post_tag","embeddable":true,"href":"https:\/\/plazajuarez.mx\/historico\/wp-json\/wp\/v2\/tags?post=130219"}],"curies":[{"name":"wp","href":"https:\/\/api.w.org\/{rel}","templated":true}]}}