{"id":130212,"date":"2020-08-25T17:46:10","date_gmt":"2020-08-25T22:46:10","guid":{"rendered":"https:\/\/plazajuarez.mx\/?p=130212"},"modified":"2020-08-25T17:47:29","modified_gmt":"2020-08-25T22:47:29","slug":"presenta-julio-valera-su-segundo-informe-de-actividades","status":"publish","type":"post","link":"https:\/\/plazajuarez.mx\/historico\/presenta-julio-valera-su-segundo-informe-de-actividades\/","title":{"rendered":"Presenta Julio Valera su segundo informe de actividades"},"content":{"rendered":"\n<p>El diputado Julio Valera present\u00f3 de manera virtual el segundo informe de actividades como legislador del Congreso de Hidalgo.<\/p>\n\n\n\n<p>En un ejercicio de rendici\u00f3n de cuentas y respetando de forma estricta las recomendaciones de sanidad, Valera Piedras hizo \u00e9nfasis en que con este ejercicio \u201cse busca facilitar y transparentar la relaci\u00f3n entre legisladores y ciudadan\u00eda, para informar de una manera m\u00e1s clara y sencilla parte del trabajo que se ha realizado en este segundo a\u00f1o\u201d.<\/p>\n\n\n\n<p>La agenda del diputado Valera se ha centrado en buscar m\u00e1s oportunidades para los j\u00f3venes, impulsar a la educaci\u00f3n, garantizar derechos de las mujeres y proteger a los grupos en situaci\u00f3n de vulnerabilidad, como los migrantes, a las personas con discapacidad y a los adultos mayores.<\/p>\n\n\n\n<script async src=\"https:\/\/pagead2.googlesyndication.com\/pagead\/js\/adsbygoogle.js\"><\/script>\n<!-- Anuncio Entradas -->\n<ins class=\"adsbygoogle\"\n     style=\"display:block\"\n     data-ad-client=\"ca-pub-7207971779614625\"\n     data-ad-slot=\"5351620879\"\n     data-ad-format=\"auto\"\n     data-full-width-responsive=\"true\"><\/ins>\n<script>\n     (adsbygoogle = window.adsbygoogle || []).push({});\n<\/script>\n\n\n\n<p>\u201cMi tarea como legislador me ha permitido el trabajar en las causas que me mueven, que tienen que ver con mi historia personal. Tuve la oportunidad de ser acad\u00e9mico y luego servidor p\u00fablico, y hoy la experiencia de ese binomio me permite construir mejores propuestas para tener un marco jur\u00eddico m\u00e1s moderno y progresista\u201d.<\/p>\n\n\n\n<p>En este segundo a\u00f1o legislativo, el diputado Julio Valera present\u00f3 25 iniciativas y 15 acuerdos econ\u00f3micos. Tambi\u00e9n asisti\u00f3 a casi 60 sesiones de comisiones en la que se resolvieron m\u00e1s de 200 asuntos.<\/p>\n\n\n\n<p>Valera Piedras hizo \u00e9nfasis en que, durante este segundo a\u00f1o, promovi\u00f3 4 iniciativas que buscan la inclusi\u00f3n y el fomento del empleo de las mujeres, los j\u00f3venes, los adultos mayores y las personas con discapacidad.<\/p>\n\n\n\n<p>Tambi\u00e9n mencion\u00f3 que, entre las leyes que se han aprobado, destacan la nueva Ley de Salvaguardia y Fomento Artesanal, que busca dar el justo lugar que tiene la cultura para las y los hidalguenses. Y la aprobaci\u00f3n de la nueva Ley de Migrantes Hidalguenses y en Contexto de Movilidad que promueve, entre otras cosas, la reunificaci\u00f3n familiar, la inversi\u00f3n en obras p\u00fablicas y proyectos productivos, la repatriaci\u00f3n de restos de connacionales, as\u00ed como el fomento a la salud y educaci\u00f3n de las familias de quienes han migrado.<\/p>\n\n\n\n<figure class=\"wp-block-embed-facebook wp-block-embed is-type-video is-provider-facebook\"><div class=\"wp-block-embed__wrapper\">\nhttps:\/\/www.facebook.com\/JulioValeraPiedras\/videos\/995281314245855\n<\/div><\/figure>\n\n\n\n<p>\u201cQuiero destacar el profesionalismo y la labor de mis compa\u00f1eros diputados que, lejos de colores partidistas, han analizado todas las propuestas con sentido de responsabilidad y con visi\u00f3n de futuro\u201d, dijo Valera Piedras, al mencionar que de las 49 propuestas que se ha presentado en estos dos a\u00f1os, 16 de ellas ya son una realidad en el estado.<\/p>\n\n\n\n<p>El diputado hidalguense mencion\u00f3 que en este segundo a\u00f1o se han realizado m\u00e1s de 200 acciones de gesti\u00f3n social y se gestionaron casi 40 millones de pesos para infraestructura p\u00fablica de diversos municipios.<\/p>\n\n\n\n<p>\u201cA\u00fan tenemos un largo camino por recorrer y quiero reafirmar mi compromiso con todas y todos los hidalguenses. Les invito a que contin\u00faen pendientes de mi trabajo legislativo para que juntos sigamos construyendo el Hidalgo que queremos\u201d, dijo.<\/p>\n","protected":false},"excerpt":{"rendered":"<p>El diputado Julio Valera present\u00f3 de manera virtual el segundo informe de actividades como legislador del Congreso de Hidalgo. En un ejercicio de rendici\u00f3n de cuentas y respetando de forma estricta las recomendaciones de sanidad, Valera Piedras hizo \u00e9nfasis en que con este ejercicio \u201cse busca facilitar y transparentar la relaci\u00f3n entre legisladores y ciudadan\u00eda, [&hellip;]<\/p>\n","protected":false},"author":93,"featured_media":0,"comment_status":"closed","ping_status":"open","sticky":false,"template":"","format":"standard","meta":{"footnotes":""},"categories":[15,59],"tags":[],"class_list":["post-130212","post","type-post","status-publish","format-standard","hentry","category-destacadas","category-general"],"_links":{"self":[{"href":"https:\/\/plazajuarez.mx\/historico\/wp-json\/wp\/v2\/posts\/130212","targetHints":{"allow":["GET"]}}],"collection":[{"href":"https:\/\/plazajuarez.mx\/historico\/wp-json\/wp\/v2\/posts"}],"about":[{"href":"https:\/\/plazajuarez.mx\/historico\/wp-json\/wp\/v2\/types\/post"}],"author":[{"embeddable":true,"href":"https:\/\/plazajuarez.mx\/historico\/wp-json\/wp\/v2\/users\/93"}],"replies":[{"embeddable":true,"href":"https:\/\/plazajuarez.mx\/historico\/wp-json\/wp\/v2\/comments?post=130212"}],"version-history":[{"count":0,"href":"https:\/\/plazajuarez.mx\/historico\/wp-json\/wp\/v2\/posts\/130212\/revisions"}],"wp:attachment":[{"href":"https:\/\/plazajuarez.mx\/historico\/wp-json\/wp\/v2\/media?parent=130212"}],"wp:term":[{"taxonomy":"category","embeddable":true,"href":"https:\/\/plazajuarez.mx\/historico\/wp-json\/wp\/v2\/categories?post=130212"},{"taxonomy":"post_tag","embeddable":true,"href":"https:\/\/plazajuarez.mx\/historico\/wp-json\/wp\/v2\/tags?post=130212"}],"curies":[{"name":"wp","href":"https:\/\/api.w.org\/{rel}","templated":true}]}}