{"id":130205,"date":"2020-08-25T15:00:47","date_gmt":"2020-08-25T20:00:47","guid":{"rendered":"https:\/\/plazajuarez.mx\/?p=130205"},"modified":"2020-08-25T15:01:04","modified_gmt":"2020-08-25T20:01:04","slug":"antonio-banderas-anuncia-que-ha-superado-la-covid-19-tras-21-dias-confinado","status":"publish","type":"post","link":"https:\/\/plazajuarez.mx\/historico\/antonio-banderas-anuncia-que-ha-superado-la-covid-19-tras-21-dias-confinado\/","title":{"rendered":"Antonio Banderas anuncia que ha superado la COVID-19 tras 21 d\u00edas confinado"},"content":{"rendered":"\n<p>El actor espa\u00f1ol Antonio Banderas anunci\u00f3 hoy, martes, que super\u00f3 la COVID-19 y dio por finalizados sus 21 d\u00edas de &#8220;disciplinado confinamiento&#8221;.<\/p>\n\n\n\n<p>&#8220;Despu\u00e9s de 21 d\u00edas de disciplinado confinamiento, puedo decir que he superado la infecci\u00f3n por Covid 19, estoy curado&#8221;, escribi\u00f3 en su perfil de Twitter el actor, que este a\u00f1o gan\u00f3 el Goya y estuvo nominado al Oscar por su papel en &#8220;Dolor y gloria&#8221; de Pedro Almod\u00f3var.<\/p>\n\n\n\n<p>&#8220;Va mi pensamiento para aquellos que no lo consiguieron y para los que lo han pasado peor que yo. \u00c1nimo para todos los que est\u00e1n en mitad de la lucha&#8221;, concluye el mensaje.<\/p>\n\n\n\n<p>Banderas cumpli\u00f3 60 a\u00f1os el pasado 10 de agosto y ese mismo d\u00eda anunci\u00f3 que se ver\u00eda obligado a celebrar su cumplea\u00f1os en cuarentena al haber dado positivo por COVID-19.<\/p>\n\n\n\n<p>El actor explic\u00f3 que se encontraba &#8220;relativamente bien, solo un poco m\u00e1s cansado de lo habitual&#8221;, y &#8220;confiado&#8221; en recuperarse &#8220;lo antes posible siguiendo las indicaciones m\u00e9dicas&#8221;.<\/p>\n","protected":false},"excerpt":{"rendered":"<p>El actor espa\u00f1ol Antonio Banderas anunci\u00f3 hoy, martes, que super\u00f3 la COVID-19 y dio por finalizados sus 21 d\u00edas de &#8220;disciplinado confinamiento&#8221;. &#8220;Despu\u00e9s de 21 d\u00edas de disciplinado confinamiento, puedo decir que he superado la infecci\u00f3n por Covid 19, estoy curado&#8221;, escribi\u00f3 en su perfil de Twitter el actor, que este a\u00f1o gan\u00f3 el Goya [&hellip;]<\/p>\n","protected":false},"author":80,"featured_media":0,"comment_status":"closed","ping_status":"open","sticky":false,"template":"","format":"standard","meta":{"footnotes":""},"categories":[38],"tags":[],"class_list":["post-130205","post","type-post","status-publish","format-standard","hentry","category-show"],"_links":{"self":[{"href":"https:\/\/plazajuarez.mx\/historico\/wp-json\/wp\/v2\/posts\/130205","targetHints":{"allow":["GET"]}}],"collection":[{"href":"https:\/\/plazajuarez.mx\/historico\/wp-json\/wp\/v2\/posts"}],"about":[{"href":"https:\/\/plazajuarez.mx\/historico\/wp-json\/wp\/v2\/types\/post"}],"author":[{"embeddable":true,"href":"https:\/\/plazajuarez.mx\/historico\/wp-json\/wp\/v2\/users\/80"}],"replies":[{"embeddable":true,"href":"https:\/\/plazajuarez.mx\/historico\/wp-json\/wp\/v2\/comments?post=130205"}],"version-history":[{"count":0,"href":"https:\/\/plazajuarez.mx\/historico\/wp-json\/wp\/v2\/posts\/130205\/revisions"}],"wp:attachment":[{"href":"https:\/\/plazajuarez.mx\/historico\/wp-json\/wp\/v2\/media?parent=130205"}],"wp:term":[{"taxonomy":"category","embeddable":true,"href":"https:\/\/plazajuarez.mx\/historico\/wp-json\/wp\/v2\/categories?post=130205"},{"taxonomy":"post_tag","embeddable":true,"href":"https:\/\/plazajuarez.mx\/historico\/wp-json\/wp\/v2\/tags?post=130205"}],"curies":[{"name":"wp","href":"https:\/\/api.w.org\/{rel}","templated":true}]}}