{"id":130202,"date":"2020-08-25T13:46:34","date_gmt":"2020-08-25T18:46:34","guid":{"rendered":"https:\/\/plazajuarez.mx\/?p=130202"},"modified":"2020-08-25T13:46:49","modified_gmt":"2020-08-25T18:46:49","slug":"danna-paola-anuncia-su-segundo-disco-de-2020","status":"publish","type":"post","link":"https:\/\/plazajuarez.mx\/historico\/danna-paola-anuncia-su-segundo-disco-de-2020\/","title":{"rendered":"Danna Paola anuncia su segundo disco de 2020"},"content":{"rendered":"\n<p>Cuando Danna Paola decidi\u00f3 no participar en la cuarta temporada de la serie &#8220;\u00c9lite&#8221;, la artista mexicana explic\u00f3 que necesitaba m\u00e1s tiempo dedicarse a su m\u00fasica. Su primer paso en ese sentido fue el lanzamiento en febrero de su disco &#8220;Sie7e&#8221;. Sin embargo, no se qued\u00f3 ah\u00ed.<\/p>\n\n\n\n<p>La cantautora cont\u00f3 en una entrevista con Efe que ya prepara su segunda producci\u00f3n del a\u00f1o. Se trata de un \u00e1lbum con temas y canciones producidas durante la pandemia en el que ha &#8220;participado en todo sentido\u201d.<\/p>\n\n\n\n<p>&#8220;Estoy muy ansiosa por contarle a mi p\u00fablico todo lo que tengo para ellos. En los \u00faltimos meses he vivido un proceso superinteresante. He aprovechado la cuarentena para terminar el \u00e1lbum, que sale en \u00faltimo trimestre, dijo Danna Paola.<\/p>\n\n\n\n<p>&#8220;Viene con un concepto incre\u00edble, diferente e innovador. Se trata de un diario de mi \u00faltimo a\u00f1o. Es como una extensi\u00f3n de mi vida\u201d, asegur\u00f3 la artista que ya ha sacado al mercado varios sencillos, con los que ha ido dejando claro detalles y ha hechos revelaciones sobre su vida personal.<\/p>\n\n\n\n<p>\u201cLas canciones son de mi autor\u00eda y tambi\u00e9n he estado involucrada en todo el concepto art\u00edstico del disco. Desde el arte gr\u00e1fico, los videos y otros detallitos que nos emocionan mucho a m\u00ed y a mi equipo. Todo\u201d, afirm\u00f3.<\/p>\n\n\n\n<h3 class=\"wp-block-heading\">NUEVAS COLABORACIONES<\/h3>\n\n\n\n<p>Danna Paola lanz\u00f3 el 1 de mayo el primer sencillo de su pr\u00f3ximo disco. Se trat\u00f3 de \u201cContigo\u201d, una canci\u00f3n en la que le canta a un amor lejano en la cuarentena.<\/p>\n\n\n\n<p>\u201cYa no veo las noticias, no mido el tiempo ni los d\u00edas. T\u00fa tan lejos, yo solita. Toca quedarse en casita\u201d, canta en ella la artista.<\/p>\n\n\n\n<p>Luego, el 27 de mayo present\u00f3 \u201cSola\u201d, una canci\u00f3n de desamor a ritmo de reguet\u00f3n. Un mes y medio despu\u00e9s Danna Paola lanz\u00f3 la primera colaboraci\u00f3n del \u00e1lbum: \u201cNo bailes sola\u201d, un trabajo con Sebasti\u00e1n Yatra.<\/p>\n\n\n\n<p>Los artistas la cantaron por primera vez en los Premios Juventud. Danna Paola tambi\u00e9n present\u00f3 en ese momento \u201cNada\u201d, un tema de Cali y el Dandee, al que fue invitada como colaboraci\u00f3n especial.<\/p>\n\n\n\n<p>\u201cSe vienen unas colaboraciones maravillosas de las que todav\u00eda no puedo hablar, pero son con artistas incre\u00edbles\u201d, asegur\u00f3.<\/p>\n\n\n\n<p>Lo que s\u00ed dijo es que el disco est\u00e1 anclado en las dos palabras que usar\u00eda en las etiquetas de internet que la definir\u00edan: \u201c#Blessed y #Sola, mejor dicho #Sol\u00edsima\u201d.<\/p>\n\n\n\n<h3 class=\"wp-block-heading\">FIN DE A\u00d1O<\/h3>\n\n\n\n<p>\u201c\u00bfSaben que faltan menos de 20 s\u00e1bados para Navidad? No puedo creer que estamos tan cerca del 2021\u201d, expres\u00f3 Danna Paola, quien espera que sus canciones acompa\u00f1en a sus fans a celebrar el cierre de un a\u00f1o \u201ctan dif\u00edcil\u201d como ha sido 2020.<\/p>\n\n\n\n<p>Ya que la pandemia acab\u00f3 con sus planes de pasar el a\u00f1o de gira, la artista ha incrementado sus relaciones con anunciantes como Puma, Samsung y otros.<\/p>\n\n\n\n<p>Es una estrategia que m\u00fasicos y cantantes est\u00e1n usando para compensar la ca\u00edda de los ingresos por la suspensi\u00f3n de los conciertos, que representan hoy en d\u00eda la mayor parte de las ganancias en la industria de la m\u00fasica.<\/p>\n\n\n\n<p>Ante una emergente certeza de que esta situaci\u00f3n se mantendr\u00e1, al menos a mediano plazo, sus planes son pasar esos d\u00edas festivos en familia en M\u00e9xico y celebrando un per\u00edodo de su vida, que le &#8220;ha permitido evaluar&#8221; su bienestar en todo sentido.<\/p>\n\n\n\n<p>\u201cEspero que todos lleguemos a esas fechas, conscientes de lo que es importante. Que lleguemos sanos, bien y que podamos compartir con la familia bastante renovados y sinti\u00e9ndonos fuertes\u201d, dese\u00f3.<\/p>\n\n\n\n<p>Para Danna Paola, la \u00fanica forma de lograrlo es siguiendo las normas de seguridad sanitaria.<\/p>\n\n\n\n<p>&#8220;Es lo que estoy haciendo yo y lo que debemos hacer todos. Usar cubrebocas, tener cuidado en mantener la distancia de otros. Hacerse las pruebas tanto como puedan y quedarse en casa todo lo que puedan&#8221;, detall\u00f3.<\/p>\n","protected":false},"excerpt":{"rendered":"<p>Cuando Danna Paola decidi\u00f3 no participar en la cuarta temporada de la serie &#8220;\u00c9lite&#8221;, la artista mexicana explic\u00f3 que necesitaba m\u00e1s tiempo dedicarse a su m\u00fasica. Su primer paso en ese sentido fue el lanzamiento en febrero de su disco &#8220;Sie7e&#8221;. Sin embargo, no se qued\u00f3 ah\u00ed. La cantautora cont\u00f3 en una entrevista con Efe [&hellip;]<\/p>\n","protected":false},"author":80,"featured_media":0,"comment_status":"closed","ping_status":"open","sticky":false,"template":"","format":"standard","meta":{"footnotes":""},"categories":[38],"tags":[],"class_list":["post-130202","post","type-post","status-publish","format-standard","hentry","category-show"],"_links":{"self":[{"href":"https:\/\/plazajuarez.mx\/historico\/wp-json\/wp\/v2\/posts\/130202","targetHints":{"allow":["GET"]}}],"collection":[{"href":"https:\/\/plazajuarez.mx\/historico\/wp-json\/wp\/v2\/posts"}],"about":[{"href":"https:\/\/plazajuarez.mx\/historico\/wp-json\/wp\/v2\/types\/post"}],"author":[{"embeddable":true,"href":"https:\/\/plazajuarez.mx\/historico\/wp-json\/wp\/v2\/users\/80"}],"replies":[{"embeddable":true,"href":"https:\/\/plazajuarez.mx\/historico\/wp-json\/wp\/v2\/comments?post=130202"}],"version-history":[{"count":0,"href":"https:\/\/plazajuarez.mx\/historico\/wp-json\/wp\/v2\/posts\/130202\/revisions"}],"wp:attachment":[{"href":"https:\/\/plazajuarez.mx\/historico\/wp-json\/wp\/v2\/media?parent=130202"}],"wp:term":[{"taxonomy":"category","embeddable":true,"href":"https:\/\/plazajuarez.mx\/historico\/wp-json\/wp\/v2\/categories?post=130202"},{"taxonomy":"post_tag","embeddable":true,"href":"https:\/\/plazajuarez.mx\/historico\/wp-json\/wp\/v2\/tags?post=130202"}],"curies":[{"name":"wp","href":"https:\/\/api.w.org\/{rel}","templated":true}]}}