{"id":130190,"date":"2020-08-26T09:39:22","date_gmt":"2020-08-26T14:39:22","guid":{"rendered":"https:\/\/plazajuarez.mx\/?p=130190"},"modified":"2020-08-26T09:39:22","modified_gmt":"2020-08-26T14:39:22","slug":"francia-pide-a-rusia-una-investigacion-rapida","status":"publish","type":"post","link":"https:\/\/plazajuarez.mx\/historico\/francia-pide-a-rusia-una-investigacion-rapida\/","title":{"rendered":"Francia pide a Rusia una investigaci\u00f3n r\u00e1pida"},"content":{"rendered":"\n<p>\u201cLos responsables deben ser identificados\u201d<\/p>\n\n\n\n<p>EFE.- Las autoridades francesas condenaron ayer el posible envenenamiento del l\u00edder opositor ruso Alex\u00e9i Navalni, considerado como un &#8220;acto criminal&#8221;, y pidieron a Rusia que se efect\u00fae una investigaci\u00f3n &#8220;r\u00e1pida y transparente&#8221;.<\/p>\n\n\n\n<p>&#8220;Francia expresa su profunda preocupaci\u00f3n ante este acto criminal perpetrado contra un actor destacado de la vida pol\u00edtica rusa. Es indispensable que las autoridades rusas faciliten una investigaci\u00f3n r\u00e1pida y transparente que permita establecer las circunstancias en las que se cometi\u00f3&#8221;, dijo el Ministerio de Exteriores.<\/p>\n\n\n\n<p>Su nota subray\u00f3 que los responsables deben ser identificados y presentados ante la justicia y reiter\u00f3 la oferta del presidente franc\u00e9s, Emmanuel Macron, de ayudar a Navalni o a sus allegados si lo solicitan.<\/p>\n\n\n\n<p>Los ex\u00e1menes practicados al opositor en el hospital universitario de La Charit\u00e9 de Berl\u00edn, adonde fue trasladado desde la ciudad rusa de Omsk, refuerzan la idea de que hubo un envenenamiento, seg\u00fan inform\u00f3 este lunes ese centro m\u00e9dico, que apunt\u00f3 a una intoxicaci\u00f3n con una sustancia inhibidora de colinesterasa.&nbsp;<\/p>\n","protected":false},"excerpt":{"rendered":"<p>\u201cLos responsables deben ser identificados\u201d EFE.- Las autoridades francesas condenaron ayer el posible envenenamiento del l\u00edder opositor ruso Alex\u00e9i Navalni, considerado como un &#8220;acto criminal&#8221;, y pidieron a Rusia que se efect\u00fae una investigaci\u00f3n &#8220;r\u00e1pida y transparente&#8221;. &#8220;Francia expresa su profunda preocupaci\u00f3n ante este acto criminal perpetrado contra un actor destacado de la vida pol\u00edtica [&hellip;]<\/p>\n","protected":false},"author":80,"featured_media":0,"comment_status":"closed","ping_status":"open","sticky":false,"template":"","format":"standard","meta":{"footnotes":""},"categories":[31],"tags":[],"class_list":["post-130190","post","type-post","status-publish","format-standard","hentry","category-orbe"],"_links":{"self":[{"href":"https:\/\/plazajuarez.mx\/historico\/wp-json\/wp\/v2\/posts\/130190","targetHints":{"allow":["GET"]}}],"collection":[{"href":"https:\/\/plazajuarez.mx\/historico\/wp-json\/wp\/v2\/posts"}],"about":[{"href":"https:\/\/plazajuarez.mx\/historico\/wp-json\/wp\/v2\/types\/post"}],"author":[{"embeddable":true,"href":"https:\/\/plazajuarez.mx\/historico\/wp-json\/wp\/v2\/users\/80"}],"replies":[{"embeddable":true,"href":"https:\/\/plazajuarez.mx\/historico\/wp-json\/wp\/v2\/comments?post=130190"}],"version-history":[{"count":0,"href":"https:\/\/plazajuarez.mx\/historico\/wp-json\/wp\/v2\/posts\/130190\/revisions"}],"wp:attachment":[{"href":"https:\/\/plazajuarez.mx\/historico\/wp-json\/wp\/v2\/media?parent=130190"}],"wp:term":[{"taxonomy":"category","embeddable":true,"href":"https:\/\/plazajuarez.mx\/historico\/wp-json\/wp\/v2\/categories?post=130190"},{"taxonomy":"post_tag","embeddable":true,"href":"https:\/\/plazajuarez.mx\/historico\/wp-json\/wp\/v2\/tags?post=130190"}],"curies":[{"name":"wp","href":"https:\/\/api.w.org\/{rel}","templated":true}]}}