{"id":130188,"date":"2020-08-26T09:38:40","date_gmt":"2020-08-26T14:38:40","guid":{"rendered":"https:\/\/plazajuarez.mx\/?p=130188"},"modified":"2020-08-26T09:38:40","modified_gmt":"2020-08-26T14:38:40","slug":"protestas-bielorrusas-no-son-ni-pro-ue-ni-pro-rusia","status":"publish","type":"post","link":"https:\/\/plazajuarez.mx\/historico\/protestas-bielorrusas-no-son-ni-pro-ue-ni-pro-rusia\/","title":{"rendered":"&#8220;Protestas bielorrusas no son ni pro-UE ni pro-Rusia&#8221;"},"content":{"rendered":"\n<p>EFE.- La l\u00edder opositora bielorrusa, Svetlana Tijan\u00f3vskaya, dijo hoy que las protestas en su pa\u00eds a ra\u00edz de las elecciones presidenciales &#8220;no son geopol\u00edticas&#8221; ni significan que sus ciudadanos sean favorables o desfavorables a la Uni\u00f3n Europea o a Rusia, sino que &#8220;desean unos comicios libres y justos&#8221;.<\/p>\n\n\n\n<p>&#8220;Ya no somos la oposici\u00f3n, somos una mayor\u00eda. Ha habido una revoluci\u00f3n pac\u00edfica, (&#8230;) que es el deseo de una naci\u00f3n de decidir por s\u00ed misma, y del pueblo de elegir libremente a sus l\u00edderes y decidir sobre su destino&#8221;, subray\u00f3 Tijan\u00f3vskaya.<\/p>\n\n\n\n<p>La l\u00edder opositora bielorrusa compareci\u00f3 este martes ante la comisi\u00f3n de Asuntos Exteriores del Parlamento Europeo, que convoc\u00f3 la primera reuni\u00f3n del nuevo curso pol\u00edtico para debatir, precisamente, la situaci\u00f3n en Bielorrusia tras las protestas en contra de las elecciones presidenciales del pasado 9 de agosto, consideradas fraudulentas por la oposici\u00f3n.<\/p>\n\n\n\n<p>Tijan\u00f3vskaya se refiri\u00f3 a los detenidos ilegalmente a ra\u00edz de estas manifestaciones, entre quienes cont\u00f3 a su marido, y conden\u00f3 que las autoridades bielorrusas usen &#8220;t\u00e1cticas de intimidaci\u00f3n, miedo y amenazas f\u00edsicas&#8221;.<\/p>\n\n\n\n<p>&#8220;Esto est\u00e1 pasando en plena Europa&#8221;, alert\u00f3.<\/p>\n","protected":false},"excerpt":{"rendered":"<p>EFE.- La l\u00edder opositora bielorrusa, Svetlana Tijan\u00f3vskaya, dijo hoy que las protestas en su pa\u00eds a ra\u00edz de las elecciones presidenciales &#8220;no son geopol\u00edticas&#8221; ni significan que sus ciudadanos sean favorables o desfavorables a la Uni\u00f3n Europea o a Rusia, sino que &#8220;desean unos comicios libres y justos&#8221;. &#8220;Ya no somos la oposici\u00f3n, somos una [&hellip;]<\/p>\n","protected":false},"author":80,"featured_media":0,"comment_status":"closed","ping_status":"open","sticky":false,"template":"","format":"standard","meta":{"footnotes":""},"categories":[31],"tags":[],"class_list":["post-130188","post","type-post","status-publish","format-standard","hentry","category-orbe"],"_links":{"self":[{"href":"https:\/\/plazajuarez.mx\/historico\/wp-json\/wp\/v2\/posts\/130188","targetHints":{"allow":["GET"]}}],"collection":[{"href":"https:\/\/plazajuarez.mx\/historico\/wp-json\/wp\/v2\/posts"}],"about":[{"href":"https:\/\/plazajuarez.mx\/historico\/wp-json\/wp\/v2\/types\/post"}],"author":[{"embeddable":true,"href":"https:\/\/plazajuarez.mx\/historico\/wp-json\/wp\/v2\/users\/80"}],"replies":[{"embeddable":true,"href":"https:\/\/plazajuarez.mx\/historico\/wp-json\/wp\/v2\/comments?post=130188"}],"version-history":[{"count":0,"href":"https:\/\/plazajuarez.mx\/historico\/wp-json\/wp\/v2\/posts\/130188\/revisions"}],"wp:attachment":[{"href":"https:\/\/plazajuarez.mx\/historico\/wp-json\/wp\/v2\/media?parent=130188"}],"wp:term":[{"taxonomy":"category","embeddable":true,"href":"https:\/\/plazajuarez.mx\/historico\/wp-json\/wp\/v2\/categories?post=130188"},{"taxonomy":"post_tag","embeddable":true,"href":"https:\/\/plazajuarez.mx\/historico\/wp-json\/wp\/v2\/tags?post=130188"}],"curies":[{"name":"wp","href":"https:\/\/api.w.org\/{rel}","templated":true}]}}