{"id":129934,"date":"2020-08-24T07:10:39","date_gmt":"2020-08-24T12:10:39","guid":{"rendered":"https:\/\/plazajuarez.mx\/?p=129934"},"modified":"2020-08-24T07:10:54","modified_gmt":"2020-08-24T12:10:54","slug":"alfil-negro-1903","status":"publish","type":"post","link":"https:\/\/plazajuarez.mx\/historico\/alfil-negro-1903\/","title":{"rendered":"ALFIL NEGRO"},"content":{"rendered":"\n<h2 class=\"wp-block-heading\">COMO PERROS Y GATOS<\/h2>\n\n\n\n<!--more-->\n\n\n\n<p>Con esto de las candidaturas, estamos viviendo un verdadero show en que la peleas es de todos contra todos, como debe ser en la pelea eterna entre gatos y perros, en hechos que por lo menos divierten por lo chuscos que son, y que se agradece de parte de los rijosos, porque en plena pandemia, lo que hace falta es circo y este es de 11 pistas.<\/p>\n\n\n\n<p>Aqu\u00ed en Hidalgo, que somos tan aficionados a las&nbsp; luchas, haga usted de cuenta que la melod\u00eda &#8220;los luchadores&#8221; de la&nbsp; Sonora Santanera, es una profec\u00eda que se cumple en el momento grillo que se vive.<\/p>\n\n\n\n<p>Dice la dichosa canci\u00f3n en su presentaci\u00f3n: &#8220;respetable p\u00fablico luchar\u00e1n a dos de tres ca\u00eddas, sin l\u00edmite de tiempo&#8230; en esta esquina el Santo y el Cavernario y en esta otra, Blue Demon&nbsp; y el Bulldog&#8221;&#8230; presentaci\u00f3n de lujo para los luchadores grillos, que se est\u00e1n dando con todo, en pos de las candidaturas, en una lucha de no s\u00e9 cu\u00e1ntas ca\u00eddas y sin l\u00edmite de tiempo.<\/p>\n\n\n\n<p>En una esquina, los que ya son candidatos, y que deben ser los t\u00e9cnicos o los buenos y en la otra, los inconformes, que se quedaron fuera y buscan con todo que vuelva el tiempo, y&nbsp; para ello recurren a todas las llaves de la lucha libre, muchas de ellas prohibidas.<\/p>\n\n\n\n<p>La canci\u00f3n, haga usted de cuenta que la escribieron para el proceso electoral de alcaldes, pues dice en otra parte &#8220;la arena estaba de bote en bote, la gente loca de la emoci\u00f3n, en el ring luchaban los cuatro rudos, \u00eddolos de la afici\u00f3n&#8221;.&nbsp;<\/p>\n\n\n\n<p>M\u00e1s o menos el panorama actual, en que mucha gente&nbsp; sigue con inter\u00e9s lo qu\u00e9 pasa entre los candidatos y sus grupos de aficionados, porque eso s\u00ed, todos tienen porra.<\/p>\n\n\n\n<p>Y luego &#8220;el Santo, el Cavernario; Blue Demon y el Bulldog&#8221; lo que puede representar a distinguidos candidatos que bien pudieran ser: de un lado : Israel F\u00e9lix, Pablo Vargas, Jorge M\u00e1rquez entre otros y en la otra esquina: Canek&nbsp; V\u00e1zquez, Francisco Xavier, Francisco Pati\u00f1o y como empresario al que&nbsp; usted se le antoje, porque luego viene lo bueno, o sea la lucha abierta y sin reglas.<\/p>\n\n\n\n<p>Porque la gente o los managers de los luchadores, empezaron a gritar &#8220;m\u00e9tele la wilson, m\u00e9tele la Nelson, la quebradora y el tirabuz\u00f3n, qu\u00edtate el candado, p\u00edcale los ojos, j\u00e1lale los pelos, s\u00e1calo del ring&#8221;.<\/p>\n\n\n\n<p>Y haga usted que como si fuera un mandamiento, porque de inmediato el dizque rudo Francisco Xavier acompa\u00f1ado de Canek saltaron al ring con su mejor llave, que no era otra cosa que sus videos, para reclamar lo que parece ya se les fue y no volver\u00e1.<\/p>\n\n\n\n<p>Sobre todo FJavier, que sali\u00f3 con llave prohibida, y fue bajado del ring por la afici\u00f3n entre frases fuertes.<\/p>\n\n\n\n<p>Pero la lucha est\u00e1 divertida, aunque todo indica que los rudos con alas est\u00e1n perdidos, junto con los que quieren cambiar las cosas porque ellos no fueron los elegidos.<\/p>\n\n\n\n<p>Ya anunciaron que habr\u00e1 otras luchas y esto se pone bueno.<\/p>\n\n\n\n<p>Por lo menos divierten, y en esta hora se agradece el circo.<\/p>\n","protected":false},"excerpt":{"rendered":"<p>COMO PERROS Y GATOS<\/p>\n","protected":false},"author":83,"featured_media":0,"comment_status":"closed","ping_status":"open","sticky":false,"template":"","format":"standard","meta":{"footnotes":""},"categories":[48,42],"tags":[],"class_list":["post-129934","post","type-post","status-publish","format-standard","hentry","category-adalberto-peralta","category-nuestrapalabra"],"_links":{"self":[{"href":"https:\/\/plazajuarez.mx\/historico\/wp-json\/wp\/v2\/posts\/129934","targetHints":{"allow":["GET"]}}],"collection":[{"href":"https:\/\/plazajuarez.mx\/historico\/wp-json\/wp\/v2\/posts"}],"about":[{"href":"https:\/\/plazajuarez.mx\/historico\/wp-json\/wp\/v2\/types\/post"}],"author":[{"embeddable":true,"href":"https:\/\/plazajuarez.mx\/historico\/wp-json\/wp\/v2\/users\/83"}],"replies":[{"embeddable":true,"href":"https:\/\/plazajuarez.mx\/historico\/wp-json\/wp\/v2\/comments?post=129934"}],"version-history":[{"count":0,"href":"https:\/\/plazajuarez.mx\/historico\/wp-json\/wp\/v2\/posts\/129934\/revisions"}],"wp:attachment":[{"href":"https:\/\/plazajuarez.mx\/historico\/wp-json\/wp\/v2\/media?parent=129934"}],"wp:term":[{"taxonomy":"category","embeddable":true,"href":"https:\/\/plazajuarez.mx\/historico\/wp-json\/wp\/v2\/categories?post=129934"},{"taxonomy":"post_tag","embeddable":true,"href":"https:\/\/plazajuarez.mx\/historico\/wp-json\/wp\/v2\/tags?post=129934"}],"curies":[{"name":"wp","href":"https:\/\/api.w.org\/{rel}","templated":true}]}}