{"id":129933,"date":"2020-08-24T07:16:25","date_gmt":"2020-08-24T12:16:25","guid":{"rendered":"https:\/\/plazajuarez.mx\/?p=129933"},"modified":"2020-08-24T07:16:45","modified_gmt":"2020-08-24T12:16:45","slug":"retratos-hablados-983","status":"publish","type":"post","link":"https:\/\/plazajuarez.mx\/historico\/retratos-hablados-983\/","title":{"rendered":"RETRATOS HABLADOS"},"content":{"rendered":"\n<h2 class=\"wp-block-heading\">Morena-Hidalgo, hacer una purga o morir<\/h2>\n\n\n\n<!--more-->\n\n\n\n<p>Creada apenas el 2 de octubre de 2011, la Asociaci\u00f3n Civil Movimiento de Regeneraci\u00f3n Nacional (Morena),&nbsp; obtuvo su registro ante el Instituto Nacional Electoral, el 9 de julio de 2014 y el 1 de julio de 2018 su principal impulsor, Andr\u00e9s Manuel L\u00f3pez Obrador, gan\u00f3 la Presidencia de la Rep\u00fablica, cargo en el que cumplir\u00e1 dos a\u00f1os el pr\u00f3ximo 1 de diciembre.<\/p>\n\n\n\n<p>Lo mete\u00f3rica de su existencia como instituto pol\u00edtico, pero sobre todo sus triunfos, hoy mismo parecen haberse convertido en su peor maldici\u00f3n al no haber logrado consolidarse como un partido con capacidad para navegar en las aguas procelosas de la pol\u00edtica, sin subir a su embarcaci\u00f3n a los peores exponentes del antiguo pri\u00edsmo, que hoy mismo exigen el pago de sus \u201ccontribuciones\u201d con cargos p\u00fablicos que van desde diputaciones, senadur\u00edas y presidencias municipales.<\/p>\n\n\n\n<p>El caso m\u00e1s visible es el del Estado de Hidalgo, donde Morena pr\u00e1cticamente no existe, y s\u00ed en cambio personajes extra\u00eddos, algunos, de las peores p\u00e1ginas de la pol\u00edtica hidalguense, que en estos momentos escenifican furibundos ataques en contra de la que llaman una \u201cimposici\u00f3n\u201d que no est\u00e1n dispuestos a permitir \u201cporque traicionar\u00eda nuestra esencia\u201d.<\/p>\n\n\n\n<p>Toda esta andanada de se\u00f1alamientos es en contra de uno de los personajes m\u00e1s respetados de la izquierda en Hidalgo, el doctor <strong>Pablo Vargas Gonz\u00e1lez<\/strong>, quien realiz\u00f3 estudios de doctorado en el Instituto Ortega y Gasset, de Espa\u00f1a, as\u00ed como de post doctorado. Su preparaci\u00f3n acad\u00e9mica no est\u00e1 a discusi\u00f3n, y hoy mismo es candidato morenista a la alcald\u00eda de Pachuca.<\/p>\n\n\n\n<p>Sin embargo la que deber\u00eda ser una nominaci\u00f3n que cimentara el prestigio y personalidad de Morena en la entidad, se ha convertido en una fiera pelea por parte de ex pri\u00edstas, ex perredistas, ex panistas, ex de todo, menos militantes del partido del Presidente de la Rep\u00fablica, que de buenas a primeras aparecieron convertidos en impulsores de la izquierda en la entidad, compa\u00f1eros de luchas obreras y campesinas, y todo aquello que pudiera agenciarles el visto bueno para esta nueva faceta asumida de la noche a la ma\u00f1ana. Quiz\u00e1 el \u00fanico que posee un historial real de lucha pol\u00edtica, si no en la izquierda s\u00ed anti pri\u00edsta, es <strong>Navor Rojas<\/strong>.<\/p>\n\n\n\n<p>Lo m\u00e1s grave del asunto es que <strong>Vargas Gonz\u00e1lez<\/strong>&nbsp; libra una lucha sin el apoyo real de la dirigencia local morenista, por la simple y sencilla raz\u00f3n de que \u00e9sta no existe, o la que hay rinde absoluta pleites\u00eda al Grupo Universidad, que lidera el Presidente del Patronato Universitario, <strong>Gerardo Sosa.<\/strong><\/p>\n\n\n\n<p>No hay rumbo, y mucho menos capacidad de apoyo a un aspirante surgido de las luchas de izquierda en Hidalgo, y por el contrario a estas alturas resulta que los ex pri\u00edstas y ex panistas m\u00e1s ligados a cuadros mafiosos del tricolor, como <strong>Manlio Fabio Beltrones y Emilio Gamboa<\/strong>, parecen haber tomado el mando en la embarcaci\u00f3n morenista.<\/p>\n\n\n\n<p>La crisis de los partidos pol\u00edticos, viejos y nuevos, parece conducir irremediablemente a la p\u00e9rdida absoluta de confianza por parte del ciudadano en esta v\u00eda de cambio pac\u00edfica, en una naci\u00f3n que hoy por hoy descubre que puede hartarse de esta historia de todos conocida, pero lo m\u00e1s grave: sin contar con una opci\u00f3n nueva.<\/p>\n\n\n\n<p>Por muchas razones Morena debe hacer una purga completa en sus cuadros directivos en la entidad hidalguense, porque ser\u00eda absurdo que los m\u00e1s tenebrosos representantes del Revolucionario Institucional, acabaran por quitar del camino a un digno representante de la izquierda hidalguense, como siempre lo ha sido el doctor <strong>Pablo Vargas.<\/strong><\/p>\n\n\n\n<p>Estaremos atentos.<\/p>\n\n\n\n<p>Mil gracias, hasta ma\u00f1ana.<\/p>\n\n\n\n<p><a href=\"mailto:jeperalta@plazajuarez.mx\/historico\/historico\">jeperalta@plazajuarez.mx\/historico\/historico<\/a><\/p>\n\n\n\n<p>@JavierEPeralta<\/p>\n","protected":false},"excerpt":{"rendered":"<p>Morena-Hidalgo, hacer una purga o morir<\/p>\n","protected":false},"author":10,"featured_media":0,"comment_status":"closed","ping_status":"open","sticky":false,"template":"","format":"standard","meta":{"footnotes":""},"categories":[49,42],"tags":[],"class_list":["post-129933","post","type-post","status-publish","format-standard","hentry","category-javier-peralta","category-nuestrapalabra"],"_links":{"self":[{"href":"https:\/\/plazajuarez.mx\/historico\/wp-json\/wp\/v2\/posts\/129933","targetHints":{"allow":["GET"]}}],"collection":[{"href":"https:\/\/plazajuarez.mx\/historico\/wp-json\/wp\/v2\/posts"}],"about":[{"href":"https:\/\/plazajuarez.mx\/historico\/wp-json\/wp\/v2\/types\/post"}],"author":[{"embeddable":true,"href":"https:\/\/plazajuarez.mx\/historico\/wp-json\/wp\/v2\/users\/10"}],"replies":[{"embeddable":true,"href":"https:\/\/plazajuarez.mx\/historico\/wp-json\/wp\/v2\/comments?post=129933"}],"version-history":[{"count":0,"href":"https:\/\/plazajuarez.mx\/historico\/wp-json\/wp\/v2\/posts\/129933\/revisions"}],"wp:attachment":[{"href":"https:\/\/plazajuarez.mx\/historico\/wp-json\/wp\/v2\/media?parent=129933"}],"wp:term":[{"taxonomy":"category","embeddable":true,"href":"https:\/\/plazajuarez.mx\/historico\/wp-json\/wp\/v2\/categories?post=129933"},{"taxonomy":"post_tag","embeddable":true,"href":"https:\/\/plazajuarez.mx\/historico\/wp-json\/wp\/v2\/tags?post=129933"}],"curies":[{"name":"wp","href":"https:\/\/api.w.org\/{rel}","templated":true}]}}