{"id":129830,"date":"2020-08-23T08:29:05","date_gmt":"2020-08-23T13:29:05","guid":{"rendered":"https:\/\/plazajuarez.mx\/?p=129830"},"modified":"2020-08-23T08:29:16","modified_gmt":"2020-08-23T13:29:16","slug":"morenistas-impugnaran-candidaturas","status":"publish","type":"post","link":"https:\/\/plazajuarez.mx\/historico\/morenistas-impugnaran-candidaturas\/","title":{"rendered":"Morenistas impugnar\u00e1n candidaturas"},"content":{"rendered":"\n<p>Derivado de las diferentes inconformidades expresadas a ra\u00edz de la selecci\u00f3n de las candidaturas que contender\u00e1n en las pr\u00f3ximas elecciones del 18 de octubre, tanto los aspirantes como el comit\u00e9 ejecutivo estatal del Movimiento Regeneraci\u00f3n Nacional (Morena) anunciaron que se impugnar\u00e1n algunas de las candidaturas para garantizar que los militantes agraviados representen las planillas.&nbsp;<\/p>\n\n\n\n<p>En un comunicado, la sede estatal de Morena se deslind\u00f3 del proceso de selecci\u00f3n \u201cque pudiera implicar una violaci\u00f3n al estatuto o a los derechos pol\u00edticos de la militancia\u201d, y que sobre esto el comit\u00e9 asumir\u00e1 la responsabilidad de apoyar a los militantes que hayan sido afectados en este mismo proceso.&nbsp;<\/p>\n\n\n\n<p>Ante ello, anunciaron que se efectuaran acciones legales, \u201clos necesarios para defender a la militancia de Morena, y para garantizar que los candidatos sean fieles representantes y defensores de la Cuarta Transformaci\u00f3n, as\u00ed como fincar responsabilidades en contra que quienes resulten responsables\u201d.&nbsp;<\/p>\n\n\n\n<p>La dirigencia morenista en Hidalgo hizo el llamado a los militantes para que se registren v\u00eda correo electr\u00f3nico, con el objetivo de sumar a la militancia que desee impugnar estas designaciones de las candidaturas, y con el objetivo de efectuar dichas acciones legales ante las autoridades competentes.&nbsp;<\/p>\n\n\n\n<p>Entre las personas inconformes por la asignaci\u00f3n de candidatos se encuentra Hilda Miranda Miranda, precandidata para la presidencia municipal de Mineral de la Reforma, quien anunci\u00f3 que hizo entrega a la sede nacional de Morena la documentaci\u00f3n para impugnar la designaci\u00f3n de la diputada con licencia Areli Maya Monzalvo como la candidata, y en donde hizo un llamado de unidad a la militancia.&nbsp;<\/p>\n","protected":false},"excerpt":{"rendered":"<p>Derivado de las diferentes inconformidades expresadas a ra\u00edz de la selecci\u00f3n de las candidaturas que contender\u00e1n en las pr\u00f3ximas elecciones del 18 de octubre, tanto los aspirantes como el comit\u00e9 ejecutivo estatal del Movimiento Regeneraci\u00f3n Nacional (Morena) anunciaron que se impugnar\u00e1n algunas de las candidaturas para garantizar que los militantes agraviados representen las planillas.&nbsp; En [&hellip;]<\/p>\n","protected":false},"author":93,"featured_media":0,"comment_status":"closed","ping_status":"open","sticky":false,"template":"","format":"standard","meta":{"footnotes":""},"categories":[15,59],"tags":[],"class_list":["post-129830","post","type-post","status-publish","format-standard","hentry","category-destacadas","category-general"],"_links":{"self":[{"href":"https:\/\/plazajuarez.mx\/historico\/wp-json\/wp\/v2\/posts\/129830","targetHints":{"allow":["GET"]}}],"collection":[{"href":"https:\/\/plazajuarez.mx\/historico\/wp-json\/wp\/v2\/posts"}],"about":[{"href":"https:\/\/plazajuarez.mx\/historico\/wp-json\/wp\/v2\/types\/post"}],"author":[{"embeddable":true,"href":"https:\/\/plazajuarez.mx\/historico\/wp-json\/wp\/v2\/users\/93"}],"replies":[{"embeddable":true,"href":"https:\/\/plazajuarez.mx\/historico\/wp-json\/wp\/v2\/comments?post=129830"}],"version-history":[{"count":0,"href":"https:\/\/plazajuarez.mx\/historico\/wp-json\/wp\/v2\/posts\/129830\/revisions"}],"wp:attachment":[{"href":"https:\/\/plazajuarez.mx\/historico\/wp-json\/wp\/v2\/media?parent=129830"}],"wp:term":[{"taxonomy":"category","embeddable":true,"href":"https:\/\/plazajuarez.mx\/historico\/wp-json\/wp\/v2\/categories?post=129830"},{"taxonomy":"post_tag","embeddable":true,"href":"https:\/\/plazajuarez.mx\/historico\/wp-json\/wp\/v2\/tags?post=129830"}],"curies":[{"name":"wp","href":"https:\/\/api.w.org\/{rel}","templated":true}]}}