{"id":129715,"date":"2020-08-22T07:21:18","date_gmt":"2020-08-22T12:21:18","guid":{"rendered":"https:\/\/plazajuarez.mx\/?p=129715"},"modified":"2020-08-22T07:21:27","modified_gmt":"2020-08-22T12:21:27","slug":"invitan-a-inscribirse-en-seminario-de-gestion-cultural","status":"publish","type":"post","link":"https:\/\/plazajuarez.mx\/historico\/invitan-a-inscribirse-en-seminario-de-gestion-cultural\/","title":{"rendered":"Invitan a inscribirse en Seminario de Gesti\u00f3n Cultural"},"content":{"rendered":"\n<p>La Secretaria de Cultura de Hidalgo, dirigida por Jose Olaf Hernadez Sanchez, dio a conocer que por medio de su Direcci\u00f3n General de Arte Popular Indigena, se convoca a participar en el Seminario \u201cGesti\u00f3n Cultural Comunitaria para la Innovaci\u00f3n\u201d, evento, organizado por la Organizaci\u00f3n Identidad y Desarrollo S.C<\/p>\n\n\n\n<p>Al respecto el titular de la Secretar\u00eda de Cultura record\u00f3 que la invitaci\u00f3n es abierta al p\u00fablico en general y los participantes tendr\u00e1n hasta el 30 de agosto para inscribirse. Adem\u00e1s se\u00f1al\u00f3 que cumpliendo con el compromiso del gobernador Omar Fayad de cuidar la salud de las y los hidalguenses, las jornadas ser\u00e1n impartidas a distancia en modalidad virtual.&nbsp;<\/p>\n\n\n\n<p>As\u00ed mismo Hern\u00e1ndez S\u00e1nchez, se\u00f1al\u00f3 que&nbsp; el encuentro para fortalecer la cultura popular indigena consta de 16 cursos impartidos por especialistas, 80 horas de aprendizaje, certificado al completar las c\u00e1tedras, videos con explicaci\u00f3n detallada de los temas y lecturas especializadas.&nbsp;<\/p>\n\n\n\n<p>\u201cNos complace presentar este programa de aprendizaje en el que participan 15 maestros que compartir\u00e1n sus conocimientos a partir de la aplicaci\u00f3n pr\u00e1ctica en campo y de manera did\u00e1ctica para que los participantes adquirir\u00e1n conocimientos y habilidades que desarrollar\u00e1n bajo actitudes proactivas para incrementar el \u00e9xito de sus iniciativas y proyectos\u201d explic\u00f3 el titular de la dependencia estatal.&nbsp;<\/p>\n\n\n\n<p>Durante el seminario se ense\u00f1aran los temas\u201cConfiguraciones completas, identidad y cultura\u201d, a cargo de Jos\u00e9 Antonio Mac Gregor, \u201cAlineaci\u00f3n circular desde la identidad\u201d y \u201cOrganizaciones y comunidades con sentido\u201d, encabezado por Alejandra Zorrilla, y \u201cPersonalizaci\u00f3n de espacios culturales para la inclusi\u00f3n y equidad\u201d impartido por Anna Ivette Rodr\u00edguez, solo por mencionar algunos.&nbsp;&nbsp;<\/p>\n","protected":false},"excerpt":{"rendered":"<p>La Secretaria de Cultura de Hidalgo, dirigida por Jose Olaf Hernadez Sanchez, dio a conocer que por medio de su Direcci\u00f3n General de Arte Popular Indigena, se convoca a participar en el Seminario \u201cGesti\u00f3n Cultural Comunitaria para la Innovaci\u00f3n\u201d, evento, organizado por la Organizaci\u00f3n Identidad y Desarrollo S.C Al respecto el titular de la Secretar\u00eda [&hellip;]<\/p>\n","protected":false},"author":93,"featured_media":0,"comment_status":"closed","ping_status":"open","sticky":false,"template":"","format":"standard","meta":{"footnotes":""},"categories":[59],"tags":[],"class_list":["post-129715","post","type-post","status-publish","format-standard","hentry","category-general"],"_links":{"self":[{"href":"https:\/\/plazajuarez.mx\/historico\/wp-json\/wp\/v2\/posts\/129715","targetHints":{"allow":["GET"]}}],"collection":[{"href":"https:\/\/plazajuarez.mx\/historico\/wp-json\/wp\/v2\/posts"}],"about":[{"href":"https:\/\/plazajuarez.mx\/historico\/wp-json\/wp\/v2\/types\/post"}],"author":[{"embeddable":true,"href":"https:\/\/plazajuarez.mx\/historico\/wp-json\/wp\/v2\/users\/93"}],"replies":[{"embeddable":true,"href":"https:\/\/plazajuarez.mx\/historico\/wp-json\/wp\/v2\/comments?post=129715"}],"version-history":[{"count":0,"href":"https:\/\/plazajuarez.mx\/historico\/wp-json\/wp\/v2\/posts\/129715\/revisions"}],"wp:attachment":[{"href":"https:\/\/plazajuarez.mx\/historico\/wp-json\/wp\/v2\/media?parent=129715"}],"wp:term":[{"taxonomy":"category","embeddable":true,"href":"https:\/\/plazajuarez.mx\/historico\/wp-json\/wp\/v2\/categories?post=129715"},{"taxonomy":"post_tag","embeddable":true,"href":"https:\/\/plazajuarez.mx\/historico\/wp-json\/wp\/v2\/tags?post=129715"}],"curies":[{"name":"wp","href":"https:\/\/api.w.org\/{rel}","templated":true}]}}