{"id":129689,"date":"2020-08-21T18:10:08","date_gmt":"2020-08-21T23:10:08","guid":{"rendered":"https:\/\/plazajuarez.mx\/?p=129689"},"modified":"2020-08-21T18:10:23","modified_gmt":"2020-08-21T23:10:23","slug":"la-sip-expresa-su-preocupacion-por-la-sancion-a-la-revista-mexicana-nexos","status":"publish","type":"post","link":"https:\/\/plazajuarez.mx\/historico\/la-sip-expresa-su-preocupacion-por-la-sancion-a-la-revista-mexicana-nexos\/","title":{"rendered":"La SIP expresa su preocupaci\u00f3n por la sanci\u00f3n a la revista mexicana Nexos"},"content":{"rendered":"\n<p>&nbsp;La Sociedad Interamericana de Prensa (SIP) expres\u00f3 este viernes su preocupaci\u00f3n por la sanci\u00f3n impuesta por las autoridades mexicanas a la revista Nexos, de l\u00ednea cr\u00edtica con el Gobierno de Andr\u00e9s Manuel L\u00f3pez Obrador, y se pregunt\u00f3 si se trata de una &#8220;represalia indirecta&#8221;.<\/p>\n\n\n\n<p>La Secretar\u00eda de la Funci\u00f3n P\u00fablica, ligada al Poder Ejecutivo Federal, emiti\u00f3 el jueves una resoluci\u00f3n que impide a dependencias, entidades y empresas p\u00fablicas a nivel federal y estatal realizar contratos con la empresa editorial por dos a\u00f1os.<\/p>\n\n\n\n<p>Adem\u00e1s, le impuso una multa de cerca de un mill\u00f3n de pesos (unos 45.000 d\u00f3lares).<\/p>\n\n\n\n<p>Seg\u00fan una circular publicada en el Diario Oficial mexicano, se trata de un procedimiento administrativo iniciado en 2018 contra la revista fundada en 1978, cuyo director es el periodista, novelista e historiador H\u00e9ctor Aguilar Cam\u00edn.<\/p>\n\n\n\n<p>El presidente de la SIP, Christopher Barnes, y el presidente de la Comisi\u00f3n de Libertad de Prensa e Informaci\u00f3n, Roberto Rock, expresaron que &#8220;llama la atenci\u00f3n que la medida se tom\u00f3 dos a\u00f1os despu\u00e9s con una revista cr\u00edtica al presidente, lo que abre un comp\u00e1s de sospecha sobre si se trata de una represalia indirecta&#8221;.<\/p>\n\n\n\n<p>Barnes, director de The Gleaner Company (Media) Limited, de Kingston (Jamaica), y Rock, director del portal La Silla Rota, de Ciudad de M\u00e9xico, mostraron preocupaci\u00f3n ante la posibilidad de que &#8220;estemos ante un acto de intimidaci\u00f3n o censura previa, p\u00e9simo precedente para la libertad de prensa en el pa\u00eds&#8221;.<\/p>\n\n\n\n<p>Las autoridades de la SIP recordaron que la Declaraci\u00f3n de Chapultepec, la cual se fundamenta en tratados internacionales sobre libertad de prensa, expresa que &#8220;ning\u00fan medio de comunicaci\u00f3n o periodista debe ser sancionado&#8230; por formular cr\u00edticas o denuncias contra el poder p\u00fablico&#8221;.<\/p>\n\n\n\n<p>La SIP es una entidad sin fines de lucro dedicada a la defensa y promoci\u00f3n de la libertad de prensa y de expresi\u00f3n en las Am\u00e9ricas, compuesta por m\u00e1s de 1.300 publicaciones y con sede en Miami.<\/p>\n","protected":false},"excerpt":{"rendered":"<p>&nbsp;La Sociedad Interamericana de Prensa (SIP) expres\u00f3 este viernes su preocupaci\u00f3n por la sanci\u00f3n impuesta por las autoridades mexicanas a la revista Nexos, de l\u00ednea cr\u00edtica con el Gobierno de Andr\u00e9s Manuel L\u00f3pez Obrador, y se pregunt\u00f3 si se trata de una &#8220;represalia indirecta&#8221;. La Secretar\u00eda de la Funci\u00f3n P\u00fablica, ligada al Poder Ejecutivo Federal, [&hellip;]<\/p>\n","protected":false},"author":80,"featured_media":0,"comment_status":"closed","ping_status":"open","sticky":false,"template":"","format":"standard","meta":{"footnotes":""},"categories":[36],"tags":[],"class_list":["post-129689","post","type-post","status-publish","format-standard","hentry","category-nacion"],"_links":{"self":[{"href":"https:\/\/plazajuarez.mx\/historico\/wp-json\/wp\/v2\/posts\/129689","targetHints":{"allow":["GET"]}}],"collection":[{"href":"https:\/\/plazajuarez.mx\/historico\/wp-json\/wp\/v2\/posts"}],"about":[{"href":"https:\/\/plazajuarez.mx\/historico\/wp-json\/wp\/v2\/types\/post"}],"author":[{"embeddable":true,"href":"https:\/\/plazajuarez.mx\/historico\/wp-json\/wp\/v2\/users\/80"}],"replies":[{"embeddable":true,"href":"https:\/\/plazajuarez.mx\/historico\/wp-json\/wp\/v2\/comments?post=129689"}],"version-history":[{"count":0,"href":"https:\/\/plazajuarez.mx\/historico\/wp-json\/wp\/v2\/posts\/129689\/revisions"}],"wp:attachment":[{"href":"https:\/\/plazajuarez.mx\/historico\/wp-json\/wp\/v2\/media?parent=129689"}],"wp:term":[{"taxonomy":"category","embeddable":true,"href":"https:\/\/plazajuarez.mx\/historico\/wp-json\/wp\/v2\/categories?post=129689"},{"taxonomy":"post_tag","embeddable":true,"href":"https:\/\/plazajuarez.mx\/historico\/wp-json\/wp\/v2\/tags?post=129689"}],"curies":[{"name":"wp","href":"https:\/\/api.w.org\/{rel}","templated":true}]}}