{"id":129678,"date":"2020-08-21T15:33:48","date_gmt":"2020-08-21T20:33:48","guid":{"rendered":"https:\/\/plazajuarez.mx\/?p=129678"},"modified":"2020-08-21T15:34:06","modified_gmt":"2020-08-21T20:34:06","slug":"vandalizar-no-resuelve-el-problema-raul-lopez","status":"publish","type":"post","link":"https:\/\/plazajuarez.mx\/historico\/vandalizar-no-resuelve-el-problema-raul-lopez\/","title":{"rendered":"Vandalizar no resuelve el problema: Ra\u00fal L\u00f3pez"},"content":{"rendered":"\n<p>En entrevista v\u00eda telef\u00f3nica con el alcalde de Atotonilco de Tula, Ra\u00fal L\u00f3pez Ram\u00edrez, respecto a la marcha y manifestaci\u00f3n en el Palacio Municipal de un grupo de feministas, dijo que es sin lugar a dudas un llamado de atenci\u00f3n hacia las autoridades, ante el contexto que se est\u00e1 viviendo en la regi\u00f3n Tula-Tepeji.<\/p>\n\n\n\n<p>Pero consider\u00f3: &#8220;La violencia genera m\u00e1s violencia, pintar y vandalizar no resuelve el problema, la ra\u00edz y la esencia est\u00e1 en la familia, fomentar el respeto, la empat\u00eda, la justicia son algunos de los valores que nos permitir\u00e1 vivir en sociedad y ser mejores personas.<\/p>\n\n\n\n<p>Puntualiz\u00f3 &#8220;Soy empatico pero no estoy de acuerdo con las formas, con el di\u00e1logo y la tolerancia nos sumamos a sus demandas&#8221;.<\/p>\n","protected":false},"excerpt":{"rendered":"<p>En entrevista v\u00eda telef\u00f3nica con el alcalde de Atotonilco de Tula, Ra\u00fal L\u00f3pez Ram\u00edrez, respecto a la marcha y manifestaci\u00f3n en el Palacio Municipal de un grupo de feministas, dijo que es sin lugar a dudas un llamado de atenci\u00f3n hacia las autoridades, ante el contexto que se est\u00e1 viviendo en la regi\u00f3n Tula-Tepeji. Pero [&hellip;]<\/p>\n","protected":false},"author":71,"featured_media":0,"comment_status":"closed","ping_status":"open","sticky":false,"template":"","format":"standard","meta":{"footnotes":""},"categories":[15,40],"tags":[],"class_list":["post-129678","post","type-post","status-publish","format-standard","hentry","category-destacadas","category-region"],"_links":{"self":[{"href":"https:\/\/plazajuarez.mx\/historico\/wp-json\/wp\/v2\/posts\/129678","targetHints":{"allow":["GET"]}}],"collection":[{"href":"https:\/\/plazajuarez.mx\/historico\/wp-json\/wp\/v2\/posts"}],"about":[{"href":"https:\/\/plazajuarez.mx\/historico\/wp-json\/wp\/v2\/types\/post"}],"author":[{"embeddable":true,"href":"https:\/\/plazajuarez.mx\/historico\/wp-json\/wp\/v2\/users\/71"}],"replies":[{"embeddable":true,"href":"https:\/\/plazajuarez.mx\/historico\/wp-json\/wp\/v2\/comments?post=129678"}],"version-history":[{"count":0,"href":"https:\/\/plazajuarez.mx\/historico\/wp-json\/wp\/v2\/posts\/129678\/revisions"}],"wp:attachment":[{"href":"https:\/\/plazajuarez.mx\/historico\/wp-json\/wp\/v2\/media?parent=129678"}],"wp:term":[{"taxonomy":"category","embeddable":true,"href":"https:\/\/plazajuarez.mx\/historico\/wp-json\/wp\/v2\/categories?post=129678"},{"taxonomy":"post_tag","embeddable":true,"href":"https:\/\/plazajuarez.mx\/historico\/wp-json\/wp\/v2\/tags?post=129678"}],"curies":[{"name":"wp","href":"https:\/\/api.w.org\/{rel}","templated":true}]}}