{"id":129677,"date":"2020-08-21T15:39:58","date_gmt":"2020-08-21T20:39:58","guid":{"rendered":"https:\/\/plazajuarez.mx\/?p=129677"},"modified":"2020-08-21T16:57:56","modified_gmt":"2020-08-21T21:57:56","slug":"cancelan-grito-de-independencia-en-hidalgo","status":"publish","type":"post","link":"https:\/\/plazajuarez.mx\/historico\/cancelan-grito-de-independencia-en-hidalgo\/","title":{"rendered":"Cancelan Grito de Independencia en Pachuca"},"content":{"rendered":"\n<ul class=\"wp-block-list\"><li><strong>La pr\u00f3xima semana se sabr\u00e1 qu\u00e9 pasar\u00e1 con la feria de Pachuca<\/strong><\/li><\/ul>\n\n\n\n<!--more-->\n\n\n\n<p>Derivado de la emergencia sanitaria por la pandemia del Covid-19, en Hidalgo no se llevar\u00e1n a cabo los eventos masivos programados para el mes de septiembre, detall\u00f3 el gobernador Omar Fayad Meneses durante la sesi\u00f3n extraordinaria del comit\u00e9 Estatal para la Seguridad en Salud. <\/p>\n\n\n\n<p>Por lo anterior, \u00fanicamente se utilizar\u00e1n los medios de comunicaci\u00f3n y las redes sociales para la conmemoraci\u00f3n del Grito de Independencia en la entidad.<\/p>\n\n\n\n<p>Por otro lado, el mandatario insisti\u00f3 en la suspensi\u00f3n de las elecciones que se llevar\u00e1n a cabo el pr\u00f3ximo 18 de octubre, por lo que se aprob\u00f3 de manera un\u00e1nime el solicitar al Consejo de Salubridad General y al Instituto Estatal Electoral (INE) se suspenda las votaciones hasta que existan las condiciones sanitarias que garanticen la protecci\u00f3n y salud de los ciudadanos. <\/p>\n\n\n\n<p>&#8220;Lo m\u00e1s importante es cuidar la salud de la gente&#8221;, se\u00f1al\u00f3 el gobernador de Hidalgo.<\/p>\n\n\n\n<p><strong>Feria de Pachuca 2020<\/strong><\/p>\n\n\n\n<p>Si bien la ceremonia del Grito de Independencia fue cancelada, ser\u00e1 hasta la pr\u00f3xima semana cuando se tomar\u00e1 una decisi\u00f3n con respecto a la Feria de San Francisco, Pachuca 2020, esto de acuerdo con informaci\u00f3n proporcionada por la Operadora de Eventos del Estado de Hidalgo.<\/p>\n\n\n\n<p><\/p>\n\n\n\n<p><\/p>\n\n\n\n<p><\/p>\n","protected":false},"excerpt":{"rendered":"<p>La pr\u00f3xima semana se sabr\u00e1 qu\u00e9 pasar\u00e1 con la feria de Pachuca<\/p>\n","protected":false},"author":93,"featured_media":0,"comment_status":"closed","ping_status":"open","sticky":false,"template":"","format":"standard","meta":{"footnotes":""},"categories":[15,59],"tags":[],"class_list":["post-129677","post","type-post","status-publish","format-standard","hentry","category-destacadas","category-general"],"_links":{"self":[{"href":"https:\/\/plazajuarez.mx\/historico\/wp-json\/wp\/v2\/posts\/129677","targetHints":{"allow":["GET"]}}],"collection":[{"href":"https:\/\/plazajuarez.mx\/historico\/wp-json\/wp\/v2\/posts"}],"about":[{"href":"https:\/\/plazajuarez.mx\/historico\/wp-json\/wp\/v2\/types\/post"}],"author":[{"embeddable":true,"href":"https:\/\/plazajuarez.mx\/historico\/wp-json\/wp\/v2\/users\/93"}],"replies":[{"embeddable":true,"href":"https:\/\/plazajuarez.mx\/historico\/wp-json\/wp\/v2\/comments?post=129677"}],"version-history":[{"count":0,"href":"https:\/\/plazajuarez.mx\/historico\/wp-json\/wp\/v2\/posts\/129677\/revisions"}],"wp:attachment":[{"href":"https:\/\/plazajuarez.mx\/historico\/wp-json\/wp\/v2\/media?parent=129677"}],"wp:term":[{"taxonomy":"category","embeddable":true,"href":"https:\/\/plazajuarez.mx\/historico\/wp-json\/wp\/v2\/categories?post=129677"},{"taxonomy":"post_tag","embeddable":true,"href":"https:\/\/plazajuarez.mx\/historico\/wp-json\/wp\/v2\/tags?post=129677"}],"curies":[{"name":"wp","href":"https:\/\/api.w.org\/{rel}","templated":true}]}}