{"id":129669,"date":"2020-08-21T13:42:39","date_gmt":"2020-08-21T18:42:39","guid":{"rendered":"https:\/\/plazajuarez.mx\/?p=129669"},"modified":"2020-08-21T13:42:58","modified_gmt":"2020-08-21T18:42:58","slug":"javier-duarte-niega-haber-regalado-ferrari-a-pena-nieto","status":"publish","type":"post","link":"https:\/\/plazajuarez.mx\/historico\/javier-duarte-niega-haber-regalado-ferrari-a-pena-nieto\/","title":{"rendered":"Javier Duarte niega haber regalado Ferrari a Pe\u00f1a Nieto"},"content":{"rendered":"\n<p>El exgobernador de Veracruz Javier Duarte, encarcelado y condenado por corrupci\u00f3n, neg\u00f3 este viernes haber regalado en 2015 un Ferrari al presidente Enrique Pe\u00f1a Nieto (2012-2018), contradiciendo la versi\u00f3n presentada ante la Fiscal\u00eda General por el exdirector de Pemex Emilio Lozoya.<\/p>\n\n\n\n<p>&#8220;Con todo respeto a Emilio Lozoya, quiero subrayar que a los \u00fanicos Ferraris que conozco son a Ram\u00f3n Ferrari Pardi\u00f1o, a Alfredo Ferrari Saavedra y a Antonio Ferrari Cazarin, quienes colaboraron en mi gobierno&#8221;, expres\u00f3 a trav\u00e9s de Twitter el que fuera gobernador de Veracruz entre 2010 y 2016, a\u00f1o en el que dej\u00f3 el cargo para huir del pa\u00eds.<\/p>\n\n\n\n<p>Duarte, en prisi\u00f3n desde 2017 y condenado en 2018, a\u00f1adi\u00f3 que jam\u00e1s se ha &#8220;subido a un autom\u00f3vil de esa marca italiana&#8221; y que nunca ha comprado ni regalado uno.<\/p>\n\n\n\n<p>Lozoya, procesado por haber recibido 10,5 millones de d\u00f3lares en sobornos de la trama Odebrecht, lleg\u00f3 a un acuerdo con la Fiscal\u00eda para rebajar su condena a cambio de revelar las tramas de corrupci\u00f3n del Gobierno de Pe\u00f1a Nieto.<\/p>\n\n\n\n<p>En un fragmento de su denuncia, filtrada a medios este mi\u00e9rcoles, el exdirector de Pemex relata que Duarte regal\u00f3 a Pe\u00f1a Nieto, ambos del Partido Revolucionario Institucional (PRI), un Ferrari durante una visita del entonces presidente a Veracruz.<\/p>\n\n\n\n<p>Seg\u00fan Lozoya, al subir al avi\u00f3n presidencial, Pe\u00f1a Nieto ense\u00f1\u00f3 a sus colaboradores una carpeta con fotograf\u00edas y las llaves del Ferrari y dijo: &#8220;Miren lo que me regal\u00f3 el g\u00f3ber&#8221;.<\/p>\n\n\n\n<p>Les dijo que ese veh\u00edculo hab\u00eda pertenecido al presidente Adolfo L\u00f3pez Mateos (1958-1964) y lo celebraron brindando con un vino Vega Sicilia.<\/p>\n\n\n\n<p>Este es un cap\u00edtulo anecd\u00f3tico dentro de la trama que revela Lozoya, quien ha provocado un terremoto pol\u00edtico desde su extradici\u00f3n de Espa\u00f1a el mes pasado.<\/p>\n\n\n\n<p>El que fuera director de Pemex entre 2012 y 2016 relata c\u00f3mo la constructora brasile\u00f1a Odebrecht influy\u00f3 en la pol\u00edtica mexicana a trav\u00e9s de sobornos.<\/p>\n\n\n\n<p>Detalla el reparto de sobornos para la campa\u00f1a electoral de Pe\u00f1a Nieto, a cambio de favores durante su Gobierno (2012-2018), as\u00ed como la compra de votos de legisladores del opositor Partido Acci\u00f3n Nacional (PAN).<\/p>\n\n\n\n<p>Se\u00f1ala tambi\u00e9n a los expresidentes Felipe Calder\u00f3n (2006-2012) y Carlos Salinas de Gortari (1988-1994), y a los excandidatos presidenciales Ricardo Anaya y Jos\u00e9 Antonio Meade.<\/p>\n\n\n\n<p>Tambi\u00e9n a varios legisladores que habr\u00edan recibido sobornos a cambio de aprobar la reforma energ\u00e9tica de Pe\u00f1a Nieto, que liberaliz\u00f3 el sector, entre ellos los actuales gobernadores de Quer\u00e9taro y de Tamaulipas, Francisco Dom\u00ednguez y Francisco Javier Garc\u00eda Cabeza de Vaca.<\/p>\n","protected":false},"excerpt":{"rendered":"<p>El exgobernador de Veracruz Javier Duarte, encarcelado y condenado por corrupci\u00f3n, neg\u00f3 este viernes haber regalado en 2015 un Ferrari al presidente Enrique Pe\u00f1a Nieto (2012-2018), contradiciendo la versi\u00f3n presentada ante la Fiscal\u00eda General por el exdirector de Pemex Emilio Lozoya. &#8220;Con todo respeto a Emilio Lozoya, quiero subrayar que a los \u00fanicos Ferraris que [&hellip;]<\/p>\n","protected":false},"author":80,"featured_media":0,"comment_status":"closed","ping_status":"open","sticky":false,"template":"","format":"standard","meta":{"footnotes":""},"categories":[15,36],"tags":[],"class_list":["post-129669","post","type-post","status-publish","format-standard","hentry","category-destacadas","category-nacion"],"_links":{"self":[{"href":"https:\/\/plazajuarez.mx\/historico\/wp-json\/wp\/v2\/posts\/129669","targetHints":{"allow":["GET"]}}],"collection":[{"href":"https:\/\/plazajuarez.mx\/historico\/wp-json\/wp\/v2\/posts"}],"about":[{"href":"https:\/\/plazajuarez.mx\/historico\/wp-json\/wp\/v2\/types\/post"}],"author":[{"embeddable":true,"href":"https:\/\/plazajuarez.mx\/historico\/wp-json\/wp\/v2\/users\/80"}],"replies":[{"embeddable":true,"href":"https:\/\/plazajuarez.mx\/historico\/wp-json\/wp\/v2\/comments?post=129669"}],"version-history":[{"count":0,"href":"https:\/\/plazajuarez.mx\/historico\/wp-json\/wp\/v2\/posts\/129669\/revisions"}],"wp:attachment":[{"href":"https:\/\/plazajuarez.mx\/historico\/wp-json\/wp\/v2\/media?parent=129669"}],"wp:term":[{"taxonomy":"category","embeddable":true,"href":"https:\/\/plazajuarez.mx\/historico\/wp-json\/wp\/v2\/categories?post=129669"},{"taxonomy":"post_tag","embeddable":true,"href":"https:\/\/plazajuarez.mx\/historico\/wp-json\/wp\/v2\/tags?post=129669"}],"curies":[{"name":"wp","href":"https:\/\/api.w.org\/{rel}","templated":true}]}}