{"id":129666,"date":"2020-08-21T13:06:02","date_gmt":"2020-08-21T18:06:02","guid":{"rendered":"https:\/\/plazajuarez.mx\/?p=129666"},"modified":"2020-08-21T13:06:17","modified_gmt":"2020-08-21T18:06:17","slug":"la-oms-alerta-sobre-la-magnitud-de-la-pandemia-en-mexico","status":"publish","type":"post","link":"https:\/\/plazajuarez.mx\/historico\/la-oms-alerta-sobre-la-magnitud-de-la-pandemia-en-mexico\/","title":{"rendered":"La OMS alerta sobre la magnitud de la pandemia en M\u00e9xico"},"content":{"rendered":"\n<p>La magnitud de la epidemia de COVID-19 en M\u00e9xico est\u00e1 subestimada y una de las principales razones es el bajo n\u00famero de pruebas de diagn\u00f3stico que se realizan, advirti\u00f3 hoy la Organizaci\u00f3n Mundial de la Salud (OMS).<\/p>\n\n\n\n<p>&#8220;Lo m\u00e1s probable es que la epidemia en M\u00e9xico est\u00e1 subestimada, los test son limitados con 3 por cada 100.000 personas por d\u00eda, que se puede comparar con m\u00e1s de 150 por cada 100.000 personas en Estados Unidos&#8221;, dijo a la prensa el director del Departamento de Emergencias Sanitarias de la OMS, Mike Ryan.<\/p>\n\n\n\n<p>M\u00e9xico es el s\u00e9ptimo pa\u00eds m\u00e1s afectado del mundo por la pandemia de COVID-19 por el n\u00famero de casos -cerca de 540.000- y registra m\u00e1s de 58.000 decesos.<\/p>\n\n\n\n<p>El especialista, quien recibe de forma permanente informaci\u00f3n actualizada de todos los pa\u00edses, revel\u00f3 que ciertos d\u00edas el porcentaje de pruebas que dan positivo en M\u00e9xico llega al 50 %, &#8220;lo que significa que mucha gente no est\u00e1 bien diagnostica o se le diagnostica tarde&#8221;.<\/p>\n\n\n\n<p>Ryan revel\u00f3 tambi\u00e9n que los datos que maneja muestran una clara diferencia de mortalidad entre los residentes de los barrios acomodados y los pobres de ese pa\u00eds latinoamericano.<\/p>\n\n\n\n<p>En estos \u00faltimos, la gente tiene hasta cinco veces m\u00e1s probabilidades de morir de COVID-19 y la situaci\u00f3n de los ind\u00edgenas es similar, apunt\u00f3.<\/p>\n\n\n\n<p>Ryan, quien es la mano derecha del director general de la OMS en la lucha mundial contra el coronavirus, dijo que M\u00e9xico debe hacer esfuerzos para aumentar el acceso a los test, ya que a la escala en que se realizan actualmente no se puede hacer una valoraci\u00f3n real\u00edstica de la situaci\u00f3n.<\/p>\n","protected":false},"excerpt":{"rendered":"<p>La magnitud de la epidemia de COVID-19 en M\u00e9xico est\u00e1 subestimada y una de las principales razones es el bajo n\u00famero de pruebas de diagn\u00f3stico que se realizan, advirti\u00f3 hoy la Organizaci\u00f3n Mundial de la Salud (OMS). &#8220;Lo m\u00e1s probable es que la epidemia en M\u00e9xico est\u00e1 subestimada, los test son limitados con 3 por [&hellip;]<\/p>\n","protected":false},"author":80,"featured_media":0,"comment_status":"closed","ping_status":"open","sticky":false,"template":"","format":"standard","meta":{"footnotes":""},"categories":[15,36],"tags":[],"class_list":["post-129666","post","type-post","status-publish","format-standard","hentry","category-destacadas","category-nacion"],"_links":{"self":[{"href":"https:\/\/plazajuarez.mx\/historico\/wp-json\/wp\/v2\/posts\/129666","targetHints":{"allow":["GET"]}}],"collection":[{"href":"https:\/\/plazajuarez.mx\/historico\/wp-json\/wp\/v2\/posts"}],"about":[{"href":"https:\/\/plazajuarez.mx\/historico\/wp-json\/wp\/v2\/types\/post"}],"author":[{"embeddable":true,"href":"https:\/\/plazajuarez.mx\/historico\/wp-json\/wp\/v2\/users\/80"}],"replies":[{"embeddable":true,"href":"https:\/\/plazajuarez.mx\/historico\/wp-json\/wp\/v2\/comments?post=129666"}],"version-history":[{"count":0,"href":"https:\/\/plazajuarez.mx\/historico\/wp-json\/wp\/v2\/posts\/129666\/revisions"}],"wp:attachment":[{"href":"https:\/\/plazajuarez.mx\/historico\/wp-json\/wp\/v2\/media?parent=129666"}],"wp:term":[{"taxonomy":"category","embeddable":true,"href":"https:\/\/plazajuarez.mx\/historico\/wp-json\/wp\/v2\/categories?post=129666"},{"taxonomy":"post_tag","embeddable":true,"href":"https:\/\/plazajuarez.mx\/historico\/wp-json\/wp\/v2\/tags?post=129666"}],"curies":[{"name":"wp","href":"https:\/\/api.w.org\/{rel}","templated":true}]}}