{"id":129646,"date":"2020-08-21T10:01:22","date_gmt":"2020-08-21T15:01:22","guid":{"rendered":"https:\/\/plazajuarez.mx\/?p=129646"},"modified":"2020-08-21T10:01:39","modified_gmt":"2020-08-21T15:01:39","slug":"dice-amlo-que-dinero-recibido-por-hermano-son-aportaciones","status":"publish","type":"post","link":"https:\/\/plazajuarez.mx\/historico\/dice-amlo-que-dinero-recibido-por-hermano-son-aportaciones\/","title":{"rendered":"Dice AMLO que dinero recibido por hermano son &#8220;aportaciones&#8221;"},"content":{"rendered":"\n<p>El presidente de M\u00e9xico, Andr\u00e9s Manuel L\u00f3pez Obrador, aclar\u00f3 este viernes que el dinero recibido por su hermano de parte de un actual funcionario de Gobierno, como muestra un v\u00eddeo difundido en las \u00faltimas horas medios, eran &#8220;aportaciones&#8221; voluntarias de quien apoyaban su campa\u00f1a en 2015 en Chiapas.<\/p>\n\n\n\n<p>&#8220;Son aportaciones para fortalecer el movimiento en momentos en que la gente era la que apoyaba&#8221;, afirm\u00f3 el mandatario durante su conferencia ma\u00f1anera.<\/p>\n\n\n\n<p>El jueves se filtraron a la prensa unos v\u00eddeos donde se muestra al hermano del presidente mexicano Andr\u00e9s Manuel L\u00f3pez Obrador, P\u00edo L\u00f3pez Obrador, recibir en un sobre dinero que era supuestamente para una campa\u00f1a electoral.<\/p>\n\n\n\n<p>El mandatario asegur\u00f3 este viernes que la difusi\u00f3n del material es una reacci\u00f3n &#8220;normal, leg\u00edtima&#8221; de quienes est\u00e1n viendo afectados sus intereses por la decisi\u00f3n que tiene su Gobierno &#8220;de acabar con la corrupci\u00f3n en el pa\u00eds&#8221;.<\/p>\n\n\n\n<p>Refiri\u00f3 que este nuevo v\u00eddeo no es comparable con los casos de el exdirector de Pemex Emilio Lozoya -vinculado al esc\u00e1ndalo de Odebrecht- y de Genaro Garc\u00eda Luna, antiguo ministro de Seguridad P\u00fablica de M\u00e9xico.<\/p>\n\n\n\n<p>Pues asegur\u00f3 &#8220;hay notorias diferencias&#8221; no solo en el monto del dinero sino en que en los otros casos &#8220;sin duda es extorsi\u00f3n, es mordida, van a obtener de manera il\u00edcita recursos p\u00fablicos, es corrupci\u00f3n&#8221;.<\/p>\n\n\n\n<p>Indic\u00f3 que lo que se recaudaba era para mantener el movimiento pol\u00edtico que lideraba, para el pago de gasolina y para el pago de la gente que trabajaba en la organizaci\u00f3n, por ejemplo.<\/p>\n\n\n\n<p>Y el mandatario reiter\u00f3 que esta es la manera en que se financian todos los movimientos. &#8220;Con el apoyo de la gente&#8221;, dijo.<\/p>\n\n\n\n<p>&#8220;La revoluci\u00f3n mexicana se financi\u00f3 con la cooperaci\u00f3n del pueblo&#8221;, dijo L\u00f3pez Obrador.<\/p>\n\n\n\n<p>Asegur\u00f3 que el v\u00eddeo es del 2015, cuando hubo elecciones en Chiapas pero record\u00f3 que entonces su Movimiento Regeneraci\u00f3n Nacional (Morena, izquierda) solo logr\u00f3 ganar un municipio.<\/p>\n\n\n\n<p>Del mismo modo, pidi\u00f3 al periodista Carlos Loret de Mola, quien difundi\u00f3 inicialmente la grabaci\u00f3n, que presente la denuncia correspondiente para que se inicie la investigaci\u00f3n correspondiente.<\/p>\n\n\n\n<p>Dijo que en la investigaci\u00f3n se debe conocer el origen del dinero, para qu\u00e9 se usaba y cu\u00e1l era el fin \u00faltimo del mismo y, aunque asegur\u00f3 no tener idea de la procedencia del dinero, apunt\u00f3: &#8220;no creo que haya sido dinero del Gobierno&#8221; de Chiapas.<\/p>\n\n\n\n<p><strong>EL FUNCIONARIO INVOLUCRADO<\/strong><\/p>\n\n\n\n<p>El monto de dinero que aparece en el v\u00eddeo lo da David Le\u00f3n, quien hasta hace unos d\u00edas se era coordinador nacional de Protecci\u00f3n Civil.<\/p>\n\n\n\n<p>Este fue nombrado recientemente encargado de una empresa p\u00fablica para la compra y distribuci\u00f3n de medicamentos, si bien el funcionario ya ha anunciado que no asumir\u00e1 el cargo hasta que se resuelva la situaci\u00f3n.<\/p>\n\n\n\n<p>A ra\u00edz de esto, el mandatario record\u00f3 este viernes que su filosof\u00eda sigue siendo &#8220;cero corrupci\u00f3n, cero impunidad, sea quien sea&#8221;.<\/p>\n\n\n\n<p>Y asegur\u00f3 que \u00e9l ya ten\u00eda conocimiento de los v\u00eddeos desde hace algunos d\u00edas, cuando Le\u00f3n le llam\u00f3 para decirle que le hab\u00edan advertido que saldr\u00edan a la luz.<\/p>\n\n\n\n<p>&#8220;Le dije que enfrentara la denuncia y dijera la verdad&#8221;, apunt\u00f3 y asegur\u00f3 que \u00e9l mismo fue quien recomend\u00f3 a Le\u00f3n no aceptar el nombramiento a esta nueva empresa del sector salud.<\/p>\n\n\n\n<p>Dijo tambi\u00e9n que recomend\u00f3 a Le\u00f3n y a su hermano &#8220;que no se amparen&#8221; pues eso indica sospecha y asegur\u00f3 que, de ser necesario, \u00e9l mismo se presentar\u00e1 a declarar.<\/p>\n","protected":false},"excerpt":{"rendered":"<p>El presidente de M\u00e9xico, Andr\u00e9s Manuel L\u00f3pez Obrador, aclar\u00f3 este viernes que el dinero recibido por su hermano de parte de un actual funcionario de Gobierno, como muestra un v\u00eddeo difundido en las \u00faltimas horas medios, eran &#8220;aportaciones&#8221; voluntarias de quien apoyaban su campa\u00f1a en 2015 en Chiapas. &#8220;Son aportaciones para fortalecer el movimiento en [&hellip;]<\/p>\n","protected":false},"author":80,"featured_media":0,"comment_status":"closed","ping_status":"open","sticky":false,"template":"","format":"standard","meta":{"footnotes":""},"categories":[15,36],"tags":[],"class_list":["post-129646","post","type-post","status-publish","format-standard","hentry","category-destacadas","category-nacion"],"_links":{"self":[{"href":"https:\/\/plazajuarez.mx\/historico\/wp-json\/wp\/v2\/posts\/129646","targetHints":{"allow":["GET"]}}],"collection":[{"href":"https:\/\/plazajuarez.mx\/historico\/wp-json\/wp\/v2\/posts"}],"about":[{"href":"https:\/\/plazajuarez.mx\/historico\/wp-json\/wp\/v2\/types\/post"}],"author":[{"embeddable":true,"href":"https:\/\/plazajuarez.mx\/historico\/wp-json\/wp\/v2\/users\/80"}],"replies":[{"embeddable":true,"href":"https:\/\/plazajuarez.mx\/historico\/wp-json\/wp\/v2\/comments?post=129646"}],"version-history":[{"count":0,"href":"https:\/\/plazajuarez.mx\/historico\/wp-json\/wp\/v2\/posts\/129646\/revisions"}],"wp:attachment":[{"href":"https:\/\/plazajuarez.mx\/historico\/wp-json\/wp\/v2\/media?parent=129646"}],"wp:term":[{"taxonomy":"category","embeddable":true,"href":"https:\/\/plazajuarez.mx\/historico\/wp-json\/wp\/v2\/categories?post=129646"},{"taxonomy":"post_tag","embeddable":true,"href":"https:\/\/plazajuarez.mx\/historico\/wp-json\/wp\/v2\/tags?post=129646"}],"curies":[{"name":"wp","href":"https:\/\/api.w.org\/{rel}","templated":true}]}}