{"id":129643,"date":"2020-08-21T10:14:37","date_gmt":"2020-08-21T15:14:37","guid":{"rendered":"https:\/\/plazajuarez.mx\/?p=129643"},"modified":"2020-08-21T10:14:49","modified_gmt":"2020-08-21T15:14:49","slug":"pandemia-moderniza-a-mocedades-y-dara-concierto-streaming","status":"publish","type":"post","link":"https:\/\/plazajuarez.mx\/historico\/pandemia-moderniza-a-mocedades-y-dara-concierto-streaming\/","title":{"rendered":"Pandemia moderniza a Mocedades y dar\u00e1 concierto streaming"},"content":{"rendered":"\n<p>Los nuevos tiempos y espec\u00edficamente la pandemia ha hecho que el grupo espa\u00f1ol Mocedades se modernice y pruebe con la experiencia de los conciertos v\u00eda streaming.<\/p>\n\n\n\n<p>A lo que los m\u00fasicos no se piensan sumar en este reinventarse es a nuevos g\u00e9neros musicales pues aseguran que van a mantener su l\u00ednea porque es el camino que conocen.<\/p>\n\n\n\n<p>&#8220;Lo que no vamos a hacer es reggaeton, eso no lo vamos a hacer nunca y las nuevas generaciones se pueden acercar, tenemos muchos seguidores j\u00f3venes&#8221;, coment\u00f3 Jos\u00e9 Miguel, integrante del grupo, en rueda de prensa.<\/p>\n\n\n\n<p>&#8220;A Mocedades le pasa lo que a los buenos vinos, mejora con los a\u00f1os y tiene la suerte de estar con gente ahora comprometida&#8221;.<\/p>\n\n\n\n<p>El conjunto nacido a finales de los a\u00f1os 60 asegur\u00f3 que nunca han sido de seguir modas y no es algo que piensen hacer ahora.<\/p>\n\n\n\n<p>&#8220;Sali\u00f3 la moda de m\u00fasica disco y Mocedades no hizo m\u00fasica disco, sali\u00f3 el punk y no por eso el grupo lo hizo, ahora se hacen otras cosas y no por eso nos vamos a apuntar a ese tipo de cosas&#8221;, dijo Fernando Gonz\u00e1lez.<\/p>\n\n\n\n<p>Los m\u00fasicos se presentar\u00e1n el pr\u00f3ximo 5 de septiembre en un concierto virtual en el que una de sus prioridades es su p\u00fablico del Continente Americano por lo que explicaron que dar\u00e1n el concierto de madrugada en Espa\u00f1a para que en pa\u00edses como M\u00e9xico pueda verse por la noche por la diferencia de horarios.<\/p>\n\n\n\n<p>&#8220;Estamos felices de poder conectar con todos vosotros por lo menos por este medio, es una forma de hacerlo y esperando impacientes por este concierto&#8221;, se\u00f1al\u00f3 Rosa Rodr\u00edguez.<\/p>\n\n\n\n<p>Aunque quisieran que se tratara de un escenario como los que usualmente pisan, adelantan que el concierto se realizar\u00e1 en su estudio de grabaci\u00f3n. El show en el que tocar\u00e1n algunos de sus \u00e9xitos tendr\u00e1 una duraci\u00f3n de aproximadamente hora y media y ser\u00e1 la primera vez que se presentan bajo esta modalidad.<\/p>\n","protected":false},"excerpt":{"rendered":"<p>Los nuevos tiempos y espec\u00edficamente la pandemia ha hecho que el grupo espa\u00f1ol Mocedades se modernice y pruebe con la experiencia de los conciertos v\u00eda streaming. A lo que los m\u00fasicos no se piensan sumar en este reinventarse es a nuevos g\u00e9neros musicales pues aseguran que van a mantener su l\u00ednea porque es el camino [&hellip;]<\/p>\n","protected":false},"author":80,"featured_media":0,"comment_status":"closed","ping_status":"open","sticky":false,"template":"","format":"standard","meta":{"footnotes":""},"categories":[38],"tags":[],"class_list":["post-129643","post","type-post","status-publish","format-standard","hentry","category-show"],"_links":{"self":[{"href":"https:\/\/plazajuarez.mx\/historico\/wp-json\/wp\/v2\/posts\/129643","targetHints":{"allow":["GET"]}}],"collection":[{"href":"https:\/\/plazajuarez.mx\/historico\/wp-json\/wp\/v2\/posts"}],"about":[{"href":"https:\/\/plazajuarez.mx\/historico\/wp-json\/wp\/v2\/types\/post"}],"author":[{"embeddable":true,"href":"https:\/\/plazajuarez.mx\/historico\/wp-json\/wp\/v2\/users\/80"}],"replies":[{"embeddable":true,"href":"https:\/\/plazajuarez.mx\/historico\/wp-json\/wp\/v2\/comments?post=129643"}],"version-history":[{"count":0,"href":"https:\/\/plazajuarez.mx\/historico\/wp-json\/wp\/v2\/posts\/129643\/revisions"}],"wp:attachment":[{"href":"https:\/\/plazajuarez.mx\/historico\/wp-json\/wp\/v2\/media?parent=129643"}],"wp:term":[{"taxonomy":"category","embeddable":true,"href":"https:\/\/plazajuarez.mx\/historico\/wp-json\/wp\/v2\/categories?post=129643"},{"taxonomy":"post_tag","embeddable":true,"href":"https:\/\/plazajuarez.mx\/historico\/wp-json\/wp\/v2\/tags?post=129643"}],"curies":[{"name":"wp","href":"https:\/\/api.w.org\/{rel}","templated":true}]}}