{"id":129641,"date":"2020-08-21T10:12:59","date_gmt":"2020-08-21T15:12:59","guid":{"rendered":"https:\/\/plazajuarez.mx\/?p=129641"},"modified":"2020-08-21T10:13:17","modified_gmt":"2020-08-21T15:13:17","slug":"billie-eilish-esta-en-contra-de-trump","status":"publish","type":"post","link":"https:\/\/plazajuarez.mx\/historico\/billie-eilish-esta-en-contra-de-trump\/","title":{"rendered":"Billie Eilish est\u00e1 en contra de Trump"},"content":{"rendered":"\n<p>Billie Eilish afirm\u00f3 este mi\u00e9rcoles durante la Convenci\u00f3n Nacional Dem\u00f3crata, que transcurre de manera virtual, que el presidente de Estados Unidos, Donald Trump, est\u00e1 destruyendo el pa\u00eds y todo lo que le importa a los estadounidenses.<\/p>\n\n\n\n<p>&#8220;Est\u00e1 destruyendo nuestro pa\u00eds y todo lo que nos importa&#8221;, lament\u00f3 Eilish en un video.<\/p>\n\n\n\n<p>&#8220;Necesitamos l\u00edderes que resuelvan problemas como el cambio clim\u00e1tico y la Covid-19, no que los nieguen. L\u00edderes que luchen contra el racismo sist\u00e9mico y la desigualdad. Eso comienza votando por alguien que entienda lo mucho que est\u00e1 en juego&#8221;, indic\u00f3 la artista.<\/p>\n\n\n\n<p>&#8220;Alguien que construya un equipo que comparta nuestros valores -continu\u00f3-. Comienza votando contra Donald Trump y por Joe Biden.<\/p>\n\n\n\n<p>La joven destac\u00f3 que el silencio no es una opci\u00f3n: &#8220;Y no podemos quedarnos fuera\u201d, asegur\u00f3.<\/p>\n\n\n\n<p>Pie de foto: La artista habl\u00f3 fuerte.<\/p>\n","protected":false},"excerpt":{"rendered":"<p>Billie Eilish afirm\u00f3 este mi\u00e9rcoles durante la Convenci\u00f3n Nacional Dem\u00f3crata, que transcurre de manera virtual, que el presidente de Estados Unidos, Donald Trump, est\u00e1 destruyendo el pa\u00eds y todo lo que le importa a los estadounidenses. &#8220;Est\u00e1 destruyendo nuestro pa\u00eds y todo lo que nos importa&#8221;, lament\u00f3 Eilish en un video. &#8220;Necesitamos l\u00edderes que resuelvan [&hellip;]<\/p>\n","protected":false},"author":80,"featured_media":0,"comment_status":"closed","ping_status":"open","sticky":false,"template":"","format":"standard","meta":{"footnotes":""},"categories":[38],"tags":[],"class_list":["post-129641","post","type-post","status-publish","format-standard","hentry","category-show"],"_links":{"self":[{"href":"https:\/\/plazajuarez.mx\/historico\/wp-json\/wp\/v2\/posts\/129641","targetHints":{"allow":["GET"]}}],"collection":[{"href":"https:\/\/plazajuarez.mx\/historico\/wp-json\/wp\/v2\/posts"}],"about":[{"href":"https:\/\/plazajuarez.mx\/historico\/wp-json\/wp\/v2\/types\/post"}],"author":[{"embeddable":true,"href":"https:\/\/plazajuarez.mx\/historico\/wp-json\/wp\/v2\/users\/80"}],"replies":[{"embeddable":true,"href":"https:\/\/plazajuarez.mx\/historico\/wp-json\/wp\/v2\/comments?post=129641"}],"version-history":[{"count":0,"href":"https:\/\/plazajuarez.mx\/historico\/wp-json\/wp\/v2\/posts\/129641\/revisions"}],"wp:attachment":[{"href":"https:\/\/plazajuarez.mx\/historico\/wp-json\/wp\/v2\/media?parent=129641"}],"wp:term":[{"taxonomy":"category","embeddable":true,"href":"https:\/\/plazajuarez.mx\/historico\/wp-json\/wp\/v2\/categories?post=129641"},{"taxonomy":"post_tag","embeddable":true,"href":"https:\/\/plazajuarez.mx\/historico\/wp-json\/wp\/v2\/tags?post=129641"}],"curies":[{"name":"wp","href":"https:\/\/api.w.org\/{rel}","templated":true}]}}