{"id":129610,"date":"2020-08-21T08:47:17","date_gmt":"2020-08-21T13:47:17","guid":{"rendered":"https:\/\/plazajuarez.mx\/?p=129610"},"modified":"2020-08-21T08:47:29","modified_gmt":"2020-08-21T13:47:29","slug":"encarcelan-a-steve-bannon","status":"publish","type":"post","link":"https:\/\/plazajuarez.mx\/historico\/encarcelan-a-steve-bannon\/","title":{"rendered":"Encarcelan a Steve Bannon"},"content":{"rendered":"\n<p>EFE.- Steve Bannon, el pol\u00e9mico exasesor de Donald Trump, fue detenido ayer y acusado de defraudar cientos de miles de d\u00f3lares de donaciones a una campa\u00f1a para construir el muro en la frontera con M\u00e9xico prometido por el presidente de EU.<\/p>\n\n\n\n<p>Junto a Bannon fueron arrestadas e imputadas otras tres personas por su papel en un supuesto fraude en torno a la iniciativa &#8220;We Build the Wall&#8221; (&#8220;Nosotros construimos el muro&#8221;, en ingl\u00e9s), que recaud\u00f3 unos 25 millones de d\u00f3lares, seg\u00fan las autoridades.<\/p>\n","protected":false},"excerpt":{"rendered":"<p>EFE.- Steve Bannon, el pol\u00e9mico exasesor de Donald Trump, fue detenido ayer y acusado de defraudar cientos de miles de d\u00f3lares de donaciones a una campa\u00f1a para construir el muro en la frontera con M\u00e9xico prometido por el presidente de EU. Junto a Bannon fueron arrestadas e imputadas otras tres personas por su papel en [&hellip;]<\/p>\n","protected":false},"author":80,"featured_media":0,"comment_status":"closed","ping_status":"open","sticky":false,"template":"","format":"standard","meta":{"footnotes":""},"categories":[31],"tags":[],"class_list":["post-129610","post","type-post","status-publish","format-standard","hentry","category-orbe"],"_links":{"self":[{"href":"https:\/\/plazajuarez.mx\/historico\/wp-json\/wp\/v2\/posts\/129610","targetHints":{"allow":["GET"]}}],"collection":[{"href":"https:\/\/plazajuarez.mx\/historico\/wp-json\/wp\/v2\/posts"}],"about":[{"href":"https:\/\/plazajuarez.mx\/historico\/wp-json\/wp\/v2\/types\/post"}],"author":[{"embeddable":true,"href":"https:\/\/plazajuarez.mx\/historico\/wp-json\/wp\/v2\/users\/80"}],"replies":[{"embeddable":true,"href":"https:\/\/plazajuarez.mx\/historico\/wp-json\/wp\/v2\/comments?post=129610"}],"version-history":[{"count":0,"href":"https:\/\/plazajuarez.mx\/historico\/wp-json\/wp\/v2\/posts\/129610\/revisions"}],"wp:attachment":[{"href":"https:\/\/plazajuarez.mx\/historico\/wp-json\/wp\/v2\/media?parent=129610"}],"wp:term":[{"taxonomy":"category","embeddable":true,"href":"https:\/\/plazajuarez.mx\/historico\/wp-json\/wp\/v2\/categories?post=129610"},{"taxonomy":"post_tag","embeddable":true,"href":"https:\/\/plazajuarez.mx\/historico\/wp-json\/wp\/v2\/tags?post=129610"}],"curies":[{"name":"wp","href":"https:\/\/api.w.org\/{rel}","templated":true}]}}