{"id":129609,"date":"2020-08-21T08:46:30","date_gmt":"2020-08-21T13:46:30","guid":{"rendered":"https:\/\/plazajuarez.mx\/?p=129609"},"modified":"2020-08-21T08:46:40","modified_gmt":"2020-08-21T13:46:40","slug":"bolsonaro-impedira-aumentos-salariales-en-2021","status":"publish","type":"post","link":"https:\/\/plazajuarez.mx\/historico\/bolsonaro-impedira-aumentos-salariales-en-2021\/","title":{"rendered":"Bolsonaro impedir\u00e1 aumentos salariales en 2021"},"content":{"rendered":"\n<p>EFE.- El presidente brasile\u00f1o, Jair Bolsonaro, afirm\u00f3 ayer que le &#8220;ser\u00e1 imposible gobernar&#8221; si el Parlamento autoriza aumentos salariales en el sector p\u00fablico en 2021, vetados por el Ejecutivo debido al desajuste fiscal causado por la pandemia de COVID-19.<\/p>\n\n\n\n<p>&#8220;As\u00ed es imposible gobernar el pa\u00eds&#8221;, se quej\u00f3 Bolsonaro frente a un peque\u00f1o grupo de seguidores, al comentar una decisi\u00f3n del Senado que anul\u00f3 el veto a los aumentos de salarios en el sector p\u00fablico, pero que a\u00fan deber\u00e1 ser examinada por la C\u00e1mara de Diputados.<\/p>\n\n\n\n<p>Seg\u00fan el Gobierno, la emergencia generada por la pandemia, que ya ha dejado en el pa\u00eds m\u00e1s de 110.000 muertos y 3,4 millones de casos, ha demandado gastos extraordinarios que acent\u00faan un ya agudo d\u00e9ficit fiscal e impide la aprobaci\u00f3n de nuevos aumentos salariales.<\/p>\n\n\n\n<p>&#8220;Eso tendr\u00eda un impacto de 120.000 millones de reales (21.820 millones de d\u00f3lares) en los presupuestos&#8221;, dijo Bolsonaro, citando una cifra que es equivalente al d\u00e9ficit que el Gobierno calculaba para este a\u00f1o en las cuentas p\u00fablicas.<\/p>\n","protected":false},"excerpt":{"rendered":"<p>EFE.- El presidente brasile\u00f1o, Jair Bolsonaro, afirm\u00f3 ayer que le &#8220;ser\u00e1 imposible gobernar&#8221; si el Parlamento autoriza aumentos salariales en el sector p\u00fablico en 2021, vetados por el Ejecutivo debido al desajuste fiscal causado por la pandemia de COVID-19. &#8220;As\u00ed es imposible gobernar el pa\u00eds&#8221;, se quej\u00f3 Bolsonaro frente a un peque\u00f1o grupo de seguidores, [&hellip;]<\/p>\n","protected":false},"author":80,"featured_media":0,"comment_status":"closed","ping_status":"open","sticky":false,"template":"","format":"standard","meta":{"footnotes":""},"categories":[31],"tags":[],"class_list":["post-129609","post","type-post","status-publish","format-standard","hentry","category-orbe"],"_links":{"self":[{"href":"https:\/\/plazajuarez.mx\/historico\/wp-json\/wp\/v2\/posts\/129609","targetHints":{"allow":["GET"]}}],"collection":[{"href":"https:\/\/plazajuarez.mx\/historico\/wp-json\/wp\/v2\/posts"}],"about":[{"href":"https:\/\/plazajuarez.mx\/historico\/wp-json\/wp\/v2\/types\/post"}],"author":[{"embeddable":true,"href":"https:\/\/plazajuarez.mx\/historico\/wp-json\/wp\/v2\/users\/80"}],"replies":[{"embeddable":true,"href":"https:\/\/plazajuarez.mx\/historico\/wp-json\/wp\/v2\/comments?post=129609"}],"version-history":[{"count":0,"href":"https:\/\/plazajuarez.mx\/historico\/wp-json\/wp\/v2\/posts\/129609\/revisions"}],"wp:attachment":[{"href":"https:\/\/plazajuarez.mx\/historico\/wp-json\/wp\/v2\/media?parent=129609"}],"wp:term":[{"taxonomy":"category","embeddable":true,"href":"https:\/\/plazajuarez.mx\/historico\/wp-json\/wp\/v2\/categories?post=129609"},{"taxonomy":"post_tag","embeddable":true,"href":"https:\/\/plazajuarez.mx\/historico\/wp-json\/wp\/v2\/tags?post=129609"}],"curies":[{"name":"wp","href":"https:\/\/api.w.org\/{rel}","templated":true}]}}