{"id":129608,"date":"2020-08-21T08:44:04","date_gmt":"2020-08-21T13:44:04","guid":{"rendered":"https:\/\/plazajuarez.mx\/?p=129608"},"modified":"2020-08-21T08:44:19","modified_gmt":"2020-08-21T13:44:19","slug":"el-atletico-ficha-al-portero-ivo-grbic-por-cuatro-temporadas","status":"publish","type":"post","link":"https:\/\/plazajuarez.mx\/historico\/el-atletico-ficha-al-portero-ivo-grbic-por-cuatro-temporadas\/","title":{"rendered":"El Atl\u00e9tico ficha al portero Ivo Grbic por cuatro temporadas"},"content":{"rendered":"\n<p>(EFE).- El Atl\u00e9tico de Madrid complet\u00f3 su primer fichaje para la nueva temporada, el portero internacional croata Ivo Grbic, que firm\u00f3 su contrato por cuatro campa\u00f1as, hasta 2024, tras superar el reconocimiento m\u00e9dico, seg\u00fan anunci\u00f3 la entidad en un comunicado, en una operaci\u00f3n que incluye el traspaso del brasile\u00f1o \u00c1lex Dos Santos, guardameta de la cantera, al Lokomotiva Zagreb.&nbsp;<\/p>\n\n\n\n<p>Procedente de ese club, con el que no hab\u00eda participado en los primeros duelos del curso, ante su inminente venta, y desde el pasado mi\u00e9rcoles en la capital de Espa\u00f1a, cuando se traslad\u00f3 ya para la formalizaci\u00f3n de su incorporaci\u00f3n a la entidad madrile\u00f1a, este jueves sell\u00f3 su llegada al Atl\u00e9tico para ser segundo portero, una vez que Antonio Ad\u00e1n termina contrato despu\u00e9s de dos cursos: jug\u00f3 siete partidos, seis de inicio, con ocho goles en contra, y gan\u00f3 la Supercopa de Europa en 2018 frente al Real Madrid.&nbsp;<\/p>\n\n\n\n<p>&#8220;Ivo Grbic ya es nuevo jugador rojiblanco tras el acuerdo alcanzado entre el Atl\u00e9tico de Madrid y el NK Lokomotiva Zagreb. El guardameta, que super\u00f3 el pertinente reconocimiento m\u00e9dico en la Cl\u00ednica Universidad de Navarra, jugar\u00e1 en nuestro equipo hasta 2024&#8221;, anunci\u00f3 esta tarde el club madrile\u00f1o.&nbsp;<\/p>\n\n\n\n<p>&#8220;Llega a nuestro equipo tras haber firmado una excepcional temporada en la que ha sido uno de los pilares fundamentales del subcampeonato del Lokomotiva en Croacia&#8221;, destac\u00f3 el Atl\u00e9tico, que ha incluido en la operaci\u00f3n al guardameta brasile\u00f1o \u00c1lex dos Santos, que a su vez ha sido traspasado al Lokomotiva Zagreb.&nbsp;<\/p>\n\n\n\n<p>&#8220;Ivo Grbic es un guardameta de gran altura (1,96 m) lo que le otorga un buen juego por alto. Su gran envergadura le hace desenvolverse muy bien en el mano a mano tratando de tapar al m\u00e1ximo cualquier hueco para evitar el gol, pero adem\u00e1s tambi\u00e9n goza de la agilidad necesaria y reflejos para hacer grandes paradas bajo los palos. Llega a nuestro club un joven de gran talento, con much\u00edsima proyecci\u00f3n y llamado a ser uno de los porteros referencia de la selecci\u00f3n croata&#8221;, resalt\u00f3 el Atl\u00e9tico.&nbsp;<\/p>\n\n\n\n<p>Es su primer fichaje para la campa\u00f1a 2020-21, en la que, seg\u00fan expres\u00f3 el pasado martes Miguel \u00c1ngel Gil Mar\u00edn, su consejero delegado, en una entrevista a la Agencia EFE, se prev\u00e9n &#8220;tres o cuatro cambios&#8221; en la plantilla que dirige desde hace ocho a\u00f1os y medio el entrenador argentino Diego Simeone.&nbsp;<\/p>\n\n\n\n<p>Grbic, reci\u00e9n convocado por la selecci\u00f3n absoluta de Croacia para los partidos de la Liga de Naciones de primeros de septiembre, ha jugado 74 encuentros en dos temporadas en el Lokomotiva Zagreb, segundo de la Liga la pasada campa\u00f1a.&nbsp;<\/p>\n\n\n\n<p>&#8220;En el Atl\u00e9tico comparan a Grbic con De Gea y Courtois, a los que se parece por su estatura y reflejos. Creen que podr\u00eda llegar a ser un nuevo gran nombre del Atl\u00e9tico&#8221;, explic\u00f3 el pasado mi\u00e9rcoles al diario &#8216;Sportske Novosti&#8217; el agente Andy Bara, que, seg\u00fan esa publicaci\u00f3n, ha sido el intermediario de la operaci\u00f3n, cuyo traspaso ha sido cifrado por algunos medios croatas en 8 millones de euros.&nbsp;<\/p>\n\n\n\n<p>&#8220;El Atl\u00e9tico reaccion\u00f3 muy r\u00e1pido y ofreci\u00f3 una cifra que no se pod\u00eda rechazar&#8221;, a\u00f1adi\u00f3 entonces Bara, que tambi\u00e9n desvel\u00f3 el inter\u00e9s del West Bromwich Albion ingl\u00e9s en el guardameta croata, que, antes del Lokomotiva Zagreb, milit\u00f3 en el Dalmatinac y en la cantera y el primer equipo del Hajduk, hasta su salida en 2018. EFE&nbsp;<\/p>\n","protected":false},"excerpt":{"rendered":"<p>(EFE).- El Atl\u00e9tico de Madrid complet\u00f3 su primer fichaje para la nueva temporada, el portero internacional croata Ivo Grbic, que firm\u00f3 su contrato por cuatro campa\u00f1as, hasta 2024, tras superar el reconocimiento m\u00e9dico, seg\u00fan anunci\u00f3 la entidad en un comunicado, en una operaci\u00f3n que incluye el traspaso del brasile\u00f1o \u00c1lex Dos Santos, guardameta de la [&hellip;]<\/p>\n","protected":false},"author":80,"featured_media":0,"comment_status":"closed","ping_status":"open","sticky":false,"template":"","format":"standard","meta":{"footnotes":""},"categories":[39],"tags":[],"class_list":["post-129608","post","type-post","status-publish","format-standard","hentry","category-deportiva"],"_links":{"self":[{"href":"https:\/\/plazajuarez.mx\/historico\/wp-json\/wp\/v2\/posts\/129608","targetHints":{"allow":["GET"]}}],"collection":[{"href":"https:\/\/plazajuarez.mx\/historico\/wp-json\/wp\/v2\/posts"}],"about":[{"href":"https:\/\/plazajuarez.mx\/historico\/wp-json\/wp\/v2\/types\/post"}],"author":[{"embeddable":true,"href":"https:\/\/plazajuarez.mx\/historico\/wp-json\/wp\/v2\/users\/80"}],"replies":[{"embeddable":true,"href":"https:\/\/plazajuarez.mx\/historico\/wp-json\/wp\/v2\/comments?post=129608"}],"version-history":[{"count":0,"href":"https:\/\/plazajuarez.mx\/historico\/wp-json\/wp\/v2\/posts\/129608\/revisions"}],"wp:attachment":[{"href":"https:\/\/plazajuarez.mx\/historico\/wp-json\/wp\/v2\/media?parent=129608"}],"wp:term":[{"taxonomy":"category","embeddable":true,"href":"https:\/\/plazajuarez.mx\/historico\/wp-json\/wp\/v2\/categories?post=129608"},{"taxonomy":"post_tag","embeddable":true,"href":"https:\/\/plazajuarez.mx\/historico\/wp-json\/wp\/v2\/tags?post=129608"}],"curies":[{"name":"wp","href":"https:\/\/api.w.org\/{rel}","templated":true}]}}