{"id":129499,"date":"2020-08-21T08:44:57","date_gmt":"2020-08-21T13:44:57","guid":{"rendered":"https:\/\/plazajuarez.mx\/?p=129499"},"modified":"2020-08-21T08:44:57","modified_gmt":"2020-08-21T13:44:57","slug":"el-coronavirus-vuelve-a-sacudir-a-la-serie-a","status":"publish","type":"post","link":"https:\/\/plazajuarez.mx\/historico\/el-coronavirus-vuelve-a-sacudir-a-la-serie-a\/","title":{"rendered":"El coronavirus vuelve a sacudir a la Serie A"},"content":{"rendered":"\n<p>(EFE).- Tras el intenso ciclo de cincuenta d\u00edas de competici\u00f3n, entre mediados de junio y principios de agosto, sin casos confirmados, una nueva ola de contagios est\u00e1 sacudiendo a los clubes de la Serie A, con positivos registrados en el Roma, el N\u00e1poles o el Cagliari.&nbsp;<\/p>\n\n\n\n<p>Andrea Petagna, delantero del N\u00e1poles fichado procedente del Spal de Ferrara, dio positivo este jueves y es el \u00faltimo de una lista ya larga de afectados, en la que tambi\u00e9n est\u00e1n tres jugadores del Cagliari, el croata Filip Bradaric (ex del Celta Vigo), Luca Ceppitelli y Alberto Cerri, y el meta del Roma Antonio Mirante.&nbsp;<\/p>\n\n\n\n<p>Adem\u00e1s, hubo casos confirmados en clubes de la Serie B, como en el reci\u00e9n descendido Brescia, y en la cantera del Roma, con dos jugadores que han sido aislados tras conocerse su positivo.&nbsp;<\/p>\n\n\n\n<p>Y es que en Italia el n\u00famero de contagios est\u00e1 creciendo en los \u00faltimos d\u00edas y toc\u00f3 el \u00faltimo mi\u00e9rcoles 642 nuevos casos por coronavirus, muy por encima de los 403 de este martes. Fue el n\u00famero m\u00e1s alto desde el pasado mayo en el pa\u00eds.&nbsp;<\/p>\n\n\n\n<p>En total, Italia ha tenido 255.278 casos desde que comenz\u00f3 la epidemia a mediados de febrero y 35.412 muertos, seg\u00fan datos del Ministerio de Sanidad.&nbsp;<\/p>\n\n\n\n<p>Todo ello genera alarma en la c\u00fapula directiva del f\u00fatbol italiano, que lo dio todo para no abandonar definitivamente la \u00faltima temporada, incluso durante la fase m\u00e1s aguda de la pandemia, y que no puede permitirse un nuevo par\u00f3n.&nbsp;<\/p>\n\n\n\n<p>La fecha para empezar la temporada 2020-2021 es el 19 de septiembre y muchos clubes tienen planeado regresar a entrenar estos d\u00edas para realizar la pertinente preparaci\u00f3n, algo que podr\u00eda ser dificultado por la nueva ola de contagios.&nbsp;<\/p>\n\n\n\n<p>Las vacaciones, que la mayor\u00eda de los futbolistas de la Serie A est\u00e1n pasando en unos hoteles en Cerde\u00f1a muy poblados por los &#8220;famosos&#8221;, parecen ser una de las principales causas del preocupante n\u00famero de contagios que se est\u00e1n registrando en los clubes.&nbsp;<\/p>\n\n\n\n<p>&#8220;He dado positivo en el test por el Covid-19. No tengo ning\u00fan s\u00edntoma, me siento bien y estoy aislado. Espero recuperarme pronto para regresar lo antes posible a entrenar con mis compa\u00f1eros. Gracias por todos los mensajes de apoyo&#8221;, inform\u00f3 este mi\u00e9rcoles Mirante en un v\u00eddeo publicado en su cuenta de Instagram.&nbsp;<\/p>\n\n\n\n<p>En el Roma hay alarma pues Mirante, quien confirm\u00f3 este mi\u00e9rcoles su positivo, estuvo de vacaciones en Cerde\u00f1a junto a Nicol\u00f3 Zaniolo, el serbio Aleksandar Kolarov, el armenio Henrikh Mhkitaryan, Leonardo Spinazzola o los brasile\u00f1os Juan Jesus y Roger Iba\u00f1ez.&nbsp;<\/p>\n\n\n\n<p>El equipo entrenado por el t\u00e9cnico portugu\u00e9s Paulo Fonseca, que acab\u00f3 su temporada el pasado 6 de agosto al caer eliminado contra el Sevilla en los octavos de final de la Liga Europa, tiene planeado volver al trabajo el pr\u00f3ximo 27 de agosto.&nbsp;<\/p>\n\n\n\n<p>El club, que tuvo a dos positivos en sus juveniles, ha interrumpido hasta la pr\u00f3xima semana las sesiones de la cantera y est\u00e1 realizando un proceso de limpieza total en el centro deportivo de Trigoria para garantizar la m\u00e1xima seguridad.&nbsp;<\/p>\n\n\n\n<p>El pr\u00f3ximo 27 de agosto el Roma podr\u00eda volver al trabajo con el espa\u00f1ol Pedro Rodr\u00edguez en sus filas, pues seg\u00fan pudo saber EFE se est\u00e1 sometiendo a fisioterapia antes de formalizar su acuerdo con el club capitalino.&nbsp;<\/p>\n\n\n\n<p>El protocolo de la Federaci\u00f3n de F\u00fatbol Italiana (FIGC) aprobado por el Comit\u00e9 Cient\u00edfico T\u00e9cnico prev\u00e9 claras medidas en caso de positivos por coronavirus en las plantillas, con aislamiento del individuo afectado y ciclos de test a todos los que hayan estado en contacto con dicha persona.&nbsp;<\/p>\n\n\n\n<p>Los clubes las seguir\u00e1n con atenci\u00f3n para contener este nuevo riesgo y favorecer el normal comienzo de la campa\u00f1a el pr\u00f3ximo 19 de septiembre.&nbsp;<\/p>\n\n\n\n<p>Eso s\u00ed, pese a que el Gobierno manifestara en julio su voluntad de abrir al menos parcialmente los estadios a partir de septiembre, estos nuevos casos hacen complicado que haya espectadores en los coliseos a corto plazo. EFE&nbsp;<\/p>\n","protected":false},"excerpt":{"rendered":"<p>(EFE).- Tras el intenso ciclo de cincuenta d\u00edas de competici\u00f3n, entre mediados de junio y principios de agosto, sin casos confirmados, una nueva ola de contagios est\u00e1 sacudiendo a los clubes de la Serie A, con positivos registrados en el Roma, el N\u00e1poles o el Cagliari.&nbsp; Andrea Petagna, delantero del N\u00e1poles fichado procedente del Spal [&hellip;]<\/p>\n","protected":false},"author":80,"featured_media":0,"comment_status":"closed","ping_status":"open","sticky":false,"template":"","format":"standard","meta":{"footnotes":""},"categories":[39],"tags":[],"class_list":["post-129499","post","type-post","status-publish","format-standard","hentry","category-deportiva"],"_links":{"self":[{"href":"https:\/\/plazajuarez.mx\/historico\/wp-json\/wp\/v2\/posts\/129499","targetHints":{"allow":["GET"]}}],"collection":[{"href":"https:\/\/plazajuarez.mx\/historico\/wp-json\/wp\/v2\/posts"}],"about":[{"href":"https:\/\/plazajuarez.mx\/historico\/wp-json\/wp\/v2\/types\/post"}],"author":[{"embeddable":true,"href":"https:\/\/plazajuarez.mx\/historico\/wp-json\/wp\/v2\/users\/80"}],"replies":[{"embeddable":true,"href":"https:\/\/plazajuarez.mx\/historico\/wp-json\/wp\/v2\/comments?post=129499"}],"version-history":[{"count":0,"href":"https:\/\/plazajuarez.mx\/historico\/wp-json\/wp\/v2\/posts\/129499\/revisions"}],"wp:attachment":[{"href":"https:\/\/plazajuarez.mx\/historico\/wp-json\/wp\/v2\/media?parent=129499"}],"wp:term":[{"taxonomy":"category","embeddable":true,"href":"https:\/\/plazajuarez.mx\/historico\/wp-json\/wp\/v2\/categories?post=129499"},{"taxonomy":"post_tag","embeddable":true,"href":"https:\/\/plazajuarez.mx\/historico\/wp-json\/wp\/v2\/tags?post=129499"}],"curies":[{"name":"wp","href":"https:\/\/api.w.org\/{rel}","templated":true}]}}